{"id":40050,"date":"2026-09-03T10:03:15","date_gmt":"2026-09-03T13:03:15","guid":{"rendered":"https:\/\/www.ilheusnoticias.net.br\/v2\/?p=40050"},"modified":"2026-09-03T10:03:15","modified_gmt":"2026-09-03T13:03:15","slug":"durante-evento-em-salvador-jeronimo-afirma-que-fim-da-escala-6x1-e-avanco-para-o-pais-brasil-nao-pode-andar-para-tras","status":"publish","type":"post","link":"https:\/\/www.ilheusnoticias.net.br\/v2\/2026\/09\/03\/durante-evento-em-salvador-jeronimo-afirma-que-fim-da-escala-6x1-e-avanco-para-o-pais-brasil-nao-pode-andar-para-tras\/","title":{"rendered":"Durante evento em Salvador, Jer\u00f4nimo afirma que fim da escala 6\u00d71 \u00e9 avan\u00e7o para o pa\u00eds: \u201cBrasil n\u00e3o pode andar para tr\u00e1s\u201d"},"content":{"rendered":"<header class=\"entry-header penci-entry-header penci-title-\">\n<div class=\"entry-meta penci-entry-meta\"><\/div>\n<\/header>\n<div class=\"entry-media penci-entry-media\">\n<div class=\"post-format-meta \">\n<div class=\"post-image penci-standard-format\"><img loading=\"lazy\" decoding=\"async\" class=\"attachment-penci-thumb-960-auto size-penci-thumb-960-auto wp-post-image\" src=\"https:\/\/www.blogdothame.com.br\/v2\/wp-content\/uploads\/2026\/09\/PHOTO-2026-09-02-20-08-45-1.jpg\" sizes=\"(max-width: 750px) 100vw, 750px\" srcset=\"https:\/\/www.blogdothame.com.br\/v2\/wp-content\/uploads\/2026\/09\/PHOTO-2026-09-02-20-08-45-1.jpg 750w, https:\/\/www.blogdothame.com.br\/v2\/wp-content\/uploads\/2026\/09\/PHOTO-2026-09-02-20-08-45-1-300x200.jpg 300w, https:\/\/www.blogdothame.com.br\/v2\/wp-content\/uploads\/2026\/09\/PHOTO-2026-09-02-20-08-45-1-480x320.jpg 480w, https:\/\/www.blogdothame.com.br\/v2\/wp-content\/uploads\/2026\/09\/PHOTO-2026-09-02-20-08-45-1-280x186.jpg 280w, https:\/\/www.blogdothame.com.br\/v2\/wp-content\/uploads\/2026\/09\/PHOTO-2026-09-02-20-08-45-1-600x400.jpg 600w, https:\/\/www.blogdothame.com.br\/v2\/wp-content\/uploads\/2026\/09\/PHOTO-2026-09-02-20-08-45-1-585x390.jpg 585w\" alt=\"\" width=\"750\" height=\"500\" \/><\/div>\n<\/div>\n<\/div>\n<div class=\"penci-entry-content entry-content\">\n<div>\n<p>O governador e candidato \u00e0 reelei\u00e7\u00e3o Jer\u00f4nimo Rodrigues (PT) reafirmou, nesta quarta-feira (2), sua defesa pelo fim da escala 6\u00d71 e a ado\u00e7\u00e3o de uma jornada de cinco dias de trabalho por dois de descanso. A declara\u00e7\u00e3o ocorreu durante encontro com movimentos sociais e sindicais, em Salvador.<\/p>\n<p>Jer\u00f4nimo afirmou que a mudan\u00e7a na jornada de trabalho \u00e9 prioridade do projeto pol\u00edtico que defende para o Brasil e para a Bahia. \u201cTemos uma miss\u00e3o que \u00e9 garantir a jornada de trabalho de cinco por dois para a classe trabalhadora. Assim vamos construir melhores condi\u00e7\u00f5es para quem trabalha e sustenta suas fam\u00edlias\u201d, afirmou.<\/p>\n<p>\u201cSe a gente perder esse jogo, o Brasil volta a andar para tr\u00e1s\u201d, emendou. O projeto foi aprovado na Comiss\u00e3o de Constitui\u00e7\u00e3o e Justi\u00e7a (CCJ) do Senado, mas ainda precisa ser analisado pelo Plen\u00e1rio.<\/p>\n<p>A defesa da redu\u00e7\u00e3o de jornada sem preju\u00edzo salarial foi feita pelo governador durante encontro com movimentos sociais e sindicais, no Comit\u00ea Central da campanha. Sobre a disputa eleitoral, Jer\u00f4nimo afirmou que a elei\u00e7\u00e3o n\u00e3o deve ser encarada como um projeto pessoal de candidatos, mas como uma escolha sobre os rumos do pa\u00eds.<\/p>\n<p>\u201cO que ainda n\u00e3o conseguimos fazer nesses quatro anos precisa ser constru\u00eddo aos poucos. Temos que continuar trabalhando, corrigindo o que for necess\u00e1rio e fazendo a m\u00e1quina do governo avan\u00e7ar para atender quem mais precisa\u201d, complementou.<\/p>\n<\/div>\n<div><\/div>\n<div>(Foto Luiz Capell\u00e3o)<\/div>\n<\/div>\n","protected":false},"excerpt":{"rendered":"<p>O governador e candidato \u00e0 reelei\u00e7\u00e3o Jer\u00f4nimo Rodrigues (PT) reafirmou, nesta quarta-feira (2), sua defesa pelo fim da escala 6\u00d71 e a ado\u00e7\u00e3o de uma jornada de cinco dias de trabalho por dois de descanso. A declara\u00e7\u00e3o ocorreu durante encontro com movimentos sociais e sindicais, em Salvador. Jer\u00f4nimo afirmou que a mudan\u00e7a na jornada de &hellip;<\/p>\n","protected":false},"author":2,"featured_media":40051,"comment_status":"open","ping_status":"open","sticky":false,"template":"","format":"standard","meta":{"footnotes":"","_links_to":"","_links_to_target":""},"categories":[2098,3,1,2099,2100,2097],"tags":[],"class_list":["post-40050","post","type-post","status-publish","format-standard","has-post-thumbnail","hentry","category-bahia","category-destaques","category-geral","category-ilheus","category-itabuna","category-noticias"],"views":33,"_links":{"self":[{"href":"https:\/\/www.ilheusnoticias.net.br\/v2\/wp-json\/wp\/v2\/posts\/40050"}],"collection":[{"href":"https:\/\/www.ilheusnoticias.net.br\/v2\/wp-json\/wp\/v2\/posts"}],"about":[{"href":"https:\/\/www.ilheusnoticias.net.br\/v2\/wp-json\/wp\/v2\/types\/post"}],"author":[{"embeddable":true,"href":"https:\/\/www.ilheusnoticias.net.br\/v2\/wp-json\/wp\/v2\/users\/2"}],"replies":[{"embeddable":true,"href":"https:\/\/www.ilheusnoticias.net.br\/v2\/wp-json\/wp\/v2\/comments?post=40050"}],"version-history":[{"count":1,"href":"https:\/\/www.ilheusnoticias.net.br\/v2\/wp-json\/wp\/v2\/posts\/40050\/revisions"}],"predecessor-version":[{"id":40052,"href":"https:\/\/www.ilheusnoticias.net.br\/v2\/wp-json\/wp\/v2\/posts\/40050\/revisions\/40052"}],"wp:featuredmedia":[{"embeddable":true,"href":"https:\/\/www.ilheusnoticias.net.br\/v2\/wp-json\/wp\/v2\/media\/40051"}],"wp:attachment":[{"href":"https:\/\/www.ilheusnoticias.net.br\/v2\/wp-json\/wp\/v2\/media?parent=40050"}],"wp:term":[{"taxonomy":"category","embeddable":true,"href":"https:\/\/www.ilheusnoticias.net.br\/v2\/wp-json\/wp\/v2\/categories?post=40050"},{"taxonomy":"post_tag","embeddable":true,"href":"https:\/\/www.ilheusnoticias.net.br\/v2\/wp-json\/wp\/v2\/tags?post=40050"}],"curies":[{"name":"wp","href":"https:\/\/api.w.org\/{rel}","templated":true}]}}