{"id":40038,"date":"2026-09-01T10:01:55","date_gmt":"2026-09-01T13:01:55","guid":{"rendered":"https:\/\/www.ilheusnoticias.net.br\/v2\/?p=40038"},"modified":"2026-09-01T10:01:55","modified_gmt":"2026-09-01T13:01:55","slug":"prefeitura-de-itabuna-adere-a-observatorio-ods-18-para-combater-racismo","status":"publish","type":"post","link":"https:\/\/www.ilheusnoticias.net.br\/v2\/2026\/09\/01\/prefeitura-de-itabuna-adere-a-observatorio-ods-18-para-combater-racismo\/","title":{"rendered":"Prefeitura de Itabuna adere a Observat\u00f3rio ODS 18 para combater racismo"},"content":{"rendered":"<header class=\"entry-header penci-entry-header penci-title-\">\n<div class=\"entry-meta penci-entry-meta\"><\/div>\n<\/header>\n<div class=\"entry-media penci-entry-media\">\n<div class=\"post-format-meta \">\n<div class=\"post-image penci-standard-format\"><img loading=\"lazy\" decoding=\"async\" class=\"attachment-penci-thumb-960-auto size-penci-thumb-960-auto wp-post-image\" src=\"https:\/\/www.blogdothame.com.br\/v2\/wp-content\/uploads\/2026\/08\/rac.jpeg\" sizes=\"(max-width: 750px) 100vw, 750px\" srcset=\"https:\/\/www.blogdothame.com.br\/v2\/wp-content\/uploads\/2026\/08\/rac.jpeg 750w, https:\/\/www.blogdothame.com.br\/v2\/wp-content\/uploads\/2026\/08\/rac-300x225.jpeg 300w, https:\/\/www.blogdothame.com.br\/v2\/wp-content\/uploads\/2026\/08\/rac-533x400.jpeg 533w, https:\/\/www.blogdothame.com.br\/v2\/wp-content\/uploads\/2026\/08\/rac-585x439.jpeg 585w\" alt=\"\" width=\"750\" height=\"563\" \/><\/div>\n<\/div>\n<\/div>\n<div class=\"penci-entry-content entry-content\">\n<p>A \u00a0Prefeitura de Itabuna, por meio das secretarias municipais de Promo\u00e7\u00e3o Social e Combate \u00e0 Pobreza (SEMPS) e da Educa\u00e7\u00e3o (SEDUC), assinou um Acordo de Coopera\u00e7\u00e3o T\u00e9cnica junto a Universidade Federal do Sul da Bahia (UFSB), na sede do N\u00facleo Cuidar.<\/p>\n<p>O foco \u00e9 a cria\u00e7\u00e3o de pol\u00edticas p\u00fablicas que combatam o racismo em todas as institui\u00e7\u00f5es. As a\u00e7\u00f5es para coibir pr\u00e1ticas discriminat\u00f3rias, fazem parte dos Objetivos de Desenvolvimento Sustent\u00e1vel (ODS 18) para a Igualdade \u00c9tnico-Racial.<\/p>\n<p>O chefe-adjunto da Divis\u00e3o da Igualdade Racial da SEMPS, Ant\u00f4nio Dembu\u00ea Tumissa, afirmou que haver\u00e1 uma troca de informa\u00e7\u00f5es e dados entre a UFSB e as secretarias municipais de Promo\u00e7\u00e3o Social e Combate \u00e0 Pobreza, Educa\u00e7\u00e3o e Gest\u00e3o e Inova\u00e7\u00e3o, para combater o racimo.<\/p>\n<p>\u201cHoje \u00e9 um dia hist\u00f3rico para Itabuna, porque agora o munic\u00edpio se compromete a combater e divulgar o antirracismo como nossa bandeira em todas as dimens\u00f5es, entre elas a religiosa\u201d, disse Tumissa.<img loading=\"lazy\" decoding=\"async\" class=\"aligncenter wp-image-3352\" src=\"https:\/\/www.blogdothame.com.br\/v2\/wp-content\/uploads\/2026\/08\/rac-2.jpeg\" sizes=\"auto, (max-width: 338px) 100vw, 338px\" srcset=\"https:\/\/www.blogdothame.com.br\/v2\/wp-content\/uploads\/2026\/08\/rac-2.jpeg 640w, https:\/\/www.blogdothame.com.br\/v2\/wp-content\/uploads\/2026\/08\/rac-2-300x225.jpeg 300w, https:\/\/www.blogdothame.com.br\/v2\/wp-content\/uploads\/2026\/08\/rac-2-533x400.jpeg 533w, https:\/\/www.blogdothame.com.br\/v2\/wp-content\/uploads\/2026\/08\/rac-2-585x439.jpeg 585w\" alt=\"\" width=\"338\" height=\"253\" \/><\/p>\n<p>Os Objetivos de Desenvolvimento Sustent\u00e1veis (ODS) s\u00e3o ferramentas da Organiza\u00e7\u00e3o das Na\u00e7\u00f5es Unidas (ONU) com planejamento a m\u00e9dio e longo prazos que viabilizam o alinhamento nacional de pol\u00edticas p\u00fablicas.<\/p>\n<p>O ODS 18 visa promover a elimina\u00e7\u00e3o do racismo e da discrimina\u00e7\u00e3o \u00e9tnico-racial em todas as suas formas, com aten\u00e7\u00e3o especial \u00e0s popula\u00e7\u00f5es afro descendentes e aos povos origin\u00e1rios. Ao todo s\u00e3o 10 metas, 65 indicadores principais e 68 indicadores adicionais.<\/p>\n<p>O vice-prefeito e secret\u00e1rio da Educa\u00e7\u00e3o, Josu\u00e9 Brand\u00e3o J\u00fanior, avaliou o acordo como fundamental para aprofundar a discuss\u00e3o sobre o anti racismo com integrantes de religi\u00f5es de matriz afro-brasileira.<\/p>\n<p>Ele afirmou que esse tema tamb\u00e9m vai chegar \u00e0s escolas para que todas as pessoas, independente da cor e religi\u00e3o, tenham acesso \u00e0s pol\u00edticas p\u00fablicas e cidadania plena. \u201cPrecisamos aprofundar a discuss\u00e3o para que a escola, um instrumento de pol\u00edticas p\u00fablicas importante, n\u00e3o fique fora do debate tenha a\u00e7\u00f5es concretas para o anti racismo\u201d, disse o vice-prefeito.<\/p>\n<p>A coordenadora do ODS18 na UFSB, professora Maria do Carmo Rebou\u00e7as, explicou que no caso do Brasil os Objetivos s\u00e3o parte da Agenda 2030, dos 17 Objetivos do Desenvolvimento Sustent\u00e1vel, cuja finalidade \u00e9 realizar a\u00e7\u00f5es para eliminar o racismo e a discrimina\u00e7\u00e3o racial contra povos afro-descendentes, origin\u00e1rios e de terreiro. \u201cEsse trabalho inclui ainda povos de terreiros que j\u00e1 foram reconhecidos pelo governo brasileiro, como povos e comunidades tradicionais\u201d afirmou.<\/p>\n<p>Com os indicadores dos povos de terreiros, a gest\u00e3o p\u00fablica poder\u00e1 produzir dados para conhecer a realidade desse grupo social. \u201cEsses dados se transformam em evid\u00eancias, o que possibilita definir o que \u00e9 estrat\u00e9gico, quais a\u00e7\u00f5es de curto, m\u00e9dio e longo prazos, monitorar essas a\u00e7\u00f5es, avaliar e estabelecer compromisso com programa e recursos com essa pol\u00edtica\u201d, disse Maria do Carmo.<\/p>\n<p>A cerim\u00f4nia teve a presen\u00e7a de servidores p\u00fablicos, de representantes da Divis\u00e3o LGBT, Larissa Motta; da Pessoa com Defici\u00eancia (PcD), Jos\u00e9 Vin\u00edcius Leal, al\u00e9m do professor da Universidade Estadual Santa Cruz( UESC) Rodrigo Rocha, integrante da Estrat\u00e9gia M\u00e3e Bernadete, que combate o racismo religioso.<\/p>\n<p>\u201cEstamos aqui enquanto a Estrat\u00e9gia que \u00e9 conveniada com Projeto de Extens\u00e3o Popular Premente na UESC. Aqui na Bahia, atuamos, no territ\u00f3rio sul, para acompanhar povos e comunidades tradicionais, discutindo pr\u00e1ticas antirracistas, com base na Lei n\u00ba 7.736, e consequentemente, alocados nesse grande tema que \u00e9 tema ODS 18 que lida com quest\u00f5es raciais. Vale ressaltar que os povos de terreiros s\u00e3o os que mais sofrem pr\u00e1ticas violentas de racismo\u201d finalizou.<\/p>\n<\/div>\n","protected":false},"excerpt":{"rendered":"<p>A \u00a0Prefeitura de Itabuna, por meio das secretarias municipais de Promo\u00e7\u00e3o Social e Combate \u00e0 Pobreza (SEMPS) e da Educa\u00e7\u00e3o (SEDUC), assinou um Acordo de Coopera\u00e7\u00e3o T\u00e9cnica junto a Universidade Federal do Sul da Bahia (UFSB), na sede do N\u00facleo Cuidar. O foco \u00e9 a cria\u00e7\u00e3o de pol\u00edticas p\u00fablicas que combatam o racismo em todas &hellip;<\/p>\n","protected":false},"author":2,"featured_media":40039,"comment_status":"open","ping_status":"open","sticky":false,"template":"","format":"standard","meta":{"footnotes":"","_links_to":"","_links_to_target":""},"categories":[2098,3,1,2099,2100,2097],"tags":[],"class_list":["post-40038","post","type-post","status-publish","format-standard","has-post-thumbnail","hentry","category-bahia","category-destaques","category-geral","category-ilheus","category-itabuna","category-noticias"],"views":51,"_links":{"self":[{"href":"https:\/\/www.ilheusnoticias.net.br\/v2\/wp-json\/wp\/v2\/posts\/40038"}],"collection":[{"href":"https:\/\/www.ilheusnoticias.net.br\/v2\/wp-json\/wp\/v2\/posts"}],"about":[{"href":"https:\/\/www.ilheusnoticias.net.br\/v2\/wp-json\/wp\/v2\/types\/post"}],"author":[{"embeddable":true,"href":"https:\/\/www.ilheusnoticias.net.br\/v2\/wp-json\/wp\/v2\/users\/2"}],"replies":[{"embeddable":true,"href":"https:\/\/www.ilheusnoticias.net.br\/v2\/wp-json\/wp\/v2\/comments?post=40038"}],"version-history":[{"count":1,"href":"https:\/\/www.ilheusnoticias.net.br\/v2\/wp-json\/wp\/v2\/posts\/40038\/revisions"}],"predecessor-version":[{"id":40040,"href":"https:\/\/www.ilheusnoticias.net.br\/v2\/wp-json\/wp\/v2\/posts\/40038\/revisions\/40040"}],"wp:featuredmedia":[{"embeddable":true,"href":"https:\/\/www.ilheusnoticias.net.br\/v2\/wp-json\/wp\/v2\/media\/40039"}],"wp:attachment":[{"href":"https:\/\/www.ilheusnoticias.net.br\/v2\/wp-json\/wp\/v2\/media?parent=40038"}],"wp:term":[{"taxonomy":"category","embeddable":true,"href":"https:\/\/www.ilheusnoticias.net.br\/v2\/wp-json\/wp\/v2\/categories?post=40038"},{"taxonomy":"post_tag","embeddable":true,"href":"https:\/\/www.ilheusnoticias.net.br\/v2\/wp-json\/wp\/v2\/tags?post=40038"}],"curies":[{"name":"wp","href":"https:\/\/api.w.org\/{rel}","templated":true}]}}