{"id":36527,"date":"2025-06-16T09:58:03","date_gmt":"2025-06-16T12:58:03","guid":{"rendered":"https:\/\/www.ilheusnoticias.net.br\/v2\/?p=36527"},"modified":"2025-06-16T09:58:03","modified_gmt":"2025-06-16T12:58:03","slug":"meu-sao-joao-amado-recebe-63-mil-pessoas-no-segundo-dia","status":"publish","type":"post","link":"https:\/\/www.ilheusnoticias.net.br\/v2\/2025\/06\/16\/meu-sao-joao-amado-recebe-63-mil-pessoas-no-segundo-dia\/","title":{"rendered":"Meu S\u00e3o Jo\u00e3o Amado recebe 63 mil pessoas no segundo dia"},"content":{"rendered":"<p>&nbsp;<\/p>\n<div class=\"imagem thumbnail col-xs-12 col-sm-8 col-md-6 col-lg-6 imagem-materia\"><a class=\"fresco\" title=\"\" href=\"https:\/\/portalfacilarquivos.blob.core.windows.net\/uploads\/ILHEUS\/imgOrig\/%7B0C1BBB02-BDB4-A4CA-5B4B-D42C0EDDDDCD%7D.jpeg\" data-fresco-caption=\"\"><img loading=\"lazy\" decoding=\"async\" title=\"\" src=\"https:\/\/portalfacilarquivos.blob.core.windows.net\/uploads\/ILHEUS\/img\/%7B0C1BBB02-BDB4-A4CA-5B4B-D42C0EDDDDCD%7D\/%7B0C1BBB02-BDB4-A4CA-5B4B-D42C0EDDDDCD%7D_650X450.jpeg\" alt=\"Meu S\u00e3o Jo\u00e3o Amado - 14 de junho de 2025\" width=\"650\" height=\"450\" \/><\/a><\/p>\n<p class=\"bg-primary\">\n<\/div>\n<p>&nbsp;<\/p>\n<p>O segundo dia do \u201cMeu S\u00e3o Jo\u00e3o Amado \u2013 Arrai\u00e1 Ilh\u00e9us 2025\u201d atraiu grande p\u00fablico. De acordo com a Pol\u00edcia Militar da Bahia, 63.491 pessoas passaram pelo circuito da festa neste s\u00e1bado (14), no evento promovido pela Prefeitura de Ilh\u00e9us.<\/p>\n<p>As equipes de seguran\u00e7a informaram que n\u00e3o houve nenhuma ocorr\u00eancia, reflexo do planejamento e das a\u00e7\u00f5es integradas para garantir um ambiente seguro e tranquilo para todos.<\/p>\n<p>Na \u00e1rea da sa\u00fade, o posto avan\u00e7ado realizou 51 atendimentos, com apenas um caso que precisou ser encaminhado para a UPA. Os dados refor\u00e7am o clima de paz, organiza\u00e7\u00e3o e alegria que tem marcado o S\u00e3o Jo\u00e3o de Ilh\u00e9us.<\/p>\n<p>A programa\u00e7\u00e3o segue neste domingo (15), com shows de Zambubahia, Xote Apimentado, Trio da Huanna, Hugo Henrique, Matheus Fernandes, Jo\u00e3o bosco e Vinicius, Tayrone e Sinho Ferrari.<\/p>\n","protected":false},"excerpt":{"rendered":"<p>&nbsp; &nbsp; O segundo dia do \u201cMeu S\u00e3o Jo\u00e3o Amado \u2013 Arrai\u00e1 Ilh\u00e9us 2025\u201d atraiu grande p\u00fablico. De acordo com a Pol\u00edcia Militar da Bahia, 63.491 pessoas passaram pelo circuito da festa neste s\u00e1bado (14), no evento promovido pela Prefeitura de Ilh\u00e9us. As equipes de seguran\u00e7a informaram que n\u00e3o houve nenhuma ocorr\u00eancia, reflexo do planejamento &hellip;<\/p>\n","protected":false},"author":2,"featured_media":36528,"comment_status":"open","ping_status":"open","sticky":false,"template":"","format":"standard","meta":{"footnotes":"","_links_to":"","_links_to_target":""},"categories":[1],"tags":[],"class_list":["post-36527","post","type-post","status-publish","format-standard","has-post-thumbnail","hentry","category-geral"],"views":192,"_links":{"self":[{"href":"https:\/\/www.ilheusnoticias.net.br\/v2\/wp-json\/wp\/v2\/posts\/36527"}],"collection":[{"href":"https:\/\/www.ilheusnoticias.net.br\/v2\/wp-json\/wp\/v2\/posts"}],"about":[{"href":"https:\/\/www.ilheusnoticias.net.br\/v2\/wp-json\/wp\/v2\/types\/post"}],"author":[{"embeddable":true,"href":"https:\/\/www.ilheusnoticias.net.br\/v2\/wp-json\/wp\/v2\/users\/2"}],"replies":[{"embeddable":true,"href":"https:\/\/www.ilheusnoticias.net.br\/v2\/wp-json\/wp\/v2\/comments?post=36527"}],"version-history":[{"count":1,"href":"https:\/\/www.ilheusnoticias.net.br\/v2\/wp-json\/wp\/v2\/posts\/36527\/revisions"}],"predecessor-version":[{"id":36529,"href":"https:\/\/www.ilheusnoticias.net.br\/v2\/wp-json\/wp\/v2\/posts\/36527\/revisions\/36529"}],"wp:featuredmedia":[{"embeddable":true,"href":"https:\/\/www.ilheusnoticias.net.br\/v2\/wp-json\/wp\/v2\/media\/36528"}],"wp:attachment":[{"href":"https:\/\/www.ilheusnoticias.net.br\/v2\/wp-json\/wp\/v2\/media?parent=36527"}],"wp:term":[{"taxonomy":"category","embeddable":true,"href":"https:\/\/www.ilheusnoticias.net.br\/v2\/wp-json\/wp\/v2\/categories?post=36527"},{"taxonomy":"post_tag","embeddable":true,"href":"https:\/\/www.ilheusnoticias.net.br\/v2\/wp-json\/wp\/v2\/tags?post=36527"}],"curies":[{"name":"wp","href":"https:\/\/api.w.org\/{rel}","templated":true}]}}