{"id":36433,"date":"2025-06-09T08:47:28","date_gmt":"2025-06-09T11:47:28","guid":{"rendered":"https:\/\/www.ilheusnoticias.net.br\/v2\/?p=36433"},"modified":"2025-06-09T08:47:28","modified_gmt":"2025-06-09T11:47:28","slug":"lula-diz-que-brasil-ratificara-tratado-do-alto-mar-ainda-este-ano","status":"publish","type":"post","link":"https:\/\/www.ilheusnoticias.net.br\/v2\/2025\/06\/09\/lula-diz-que-brasil-ratificara-tratado-do-alto-mar-ainda-este-ano\/","title":{"rendered":"Lula diz que Brasil ratificar\u00e1 Tratado do Alto Mar ainda este ano"},"content":{"rendered":"<div class=\"header-noticia full-width\">\n<div class=\"linha-fina-noticia\">Acordo internacional prev\u00ea uso sustent\u00e1vel de mares internacionais<\/div>\n<\/div>\n<div class=\"subheader\">\n<div class=\"container-autoria\">\n<div class=\"autor-noticia\">Vitor Abdala &#8211; Rep\u00f3rter da Ag\u00eancia Brasil<\/div>\n<div class=\"container-data rowflex\">\n<div class=\"data\">Publicado em 09\/06\/2025 &#8211; 07:43<\/div>\n<\/div>\n<div class=\"local\">Rio de Janeiro<\/div>\n<\/div>\n<nav class=\"compartilhamento rowflex\"><\/nav>\n<\/div>\n<div class=\"capa-materia rel-position\">\n<figure><img decoding=\"async\" id=\"media-426834\" title=\"Ricardo Stuckert\/PR\" src=\"https:\/\/imagens.ebc.com.br\/hKdLnGbzwoxGuJBGrsIrOzLZrVg=\/1170x700\/smart\/https:\/\/agenciabrasil.ebc.com.br\/sites\/default\/files\/thumbnails\/image\/2025\/06\/07\/54571680917_da91d51025_o.jpg?itok=CN-ATNlx\" alt=\"Paris, 07\/06\/2025 - Presidente da Rep\u00fablica, Luiz In\u00e1cio Lula da Silva, durante entrevista coletiva \u00e0 imprensa. Foto: Ricardo Stuckert\/PR\" \/><figcaption class=\"credito-foto abs-position fullwidth\">\u00a9 Ricardo Stuckert\/PR<\/figcaption><\/figure>\n<\/div>\n<div id=\"block-tts-block-tts\" class=\"block block-tts\">\n<div class=\"content\">\n<div id=\"tts-container\" class=\"container-audio rel-position\">\n<div class=\"title abs-position\">Vers\u00e3o em \u00e1udio<\/div>\n<\/div>\n<\/div>\n<\/div>\n<div class=\"conteudo-noticia\">\n<p>O presidente Luiz In\u00e1cio Lula da Silva\u00a0afirmou, nesta segunda-feira (9), que o Brasil deve ratificar ainda este ano o acordo sobre conserva\u00e7\u00e3o e uso sustent\u00e1vel da biodiversidade marinha em \u00e1reas al\u00e9m da jurisdi\u00e7\u00e3o nacional (BBNJ), tamb\u00e9m conhecido como Tratado do Alto Mar. A afirma\u00e7\u00e3o foi feita na abertura da Confer\u00eancia das Na\u00e7\u00f5es Unidas sobre os Oceanos, em Nice, na Fran\u00e7a.<img decoding=\"async\" src=\"https:\/\/agenciabrasil.ebc.com.br\/ebc.png?id=1645961&amp;o=node\" \/><img decoding=\"async\" src=\"https:\/\/agenciabrasil.ebc.com.br\/ebc.gif?id=1645961&amp;o=node\" \/><\/p>\n<p><strong>O Brasil assinou o tratado em setembro de 2023, junto com mais\u00a0115 pa\u00edses, mas ainda precisa ratific\u00e1-lo. Para que o tratado entre em vigor, \u00e9 preciso que pelo menos 60 na\u00e7\u00f5es o ratifiquem, mas, de acordo com a organiza\u00e7\u00e3o internacional High Seas Alliance, apenas 32 j\u00e1 o fizeram.<\/strong><\/p>\n<blockquote><p>\u201cA ado\u00e7\u00e3o, h\u00e1 mais de quatro d\u00e9cadas, da Conven\u00e7\u00e3o da ONU sobre o Direito do Mar, consagrou, pela primeira vez, o conceito de \u2018patrim\u00f4nio comum da humanidade\u2019.<\/p><\/blockquote>\n<p>&#8220;A cria\u00e7\u00e3o desse regime internacional para governar o espa\u00e7o mar\u00edtimo representou uma das maiores conquistas da hist\u00f3ria da diplomacia\u201d, disse Lula.<\/p>\n<blockquote><p>\u201cO Brasil est\u00e1 comprometido a ratificar o Tratado do Alto Mar ainda este ano, para assegurar a gest\u00e3o transparente e compartilhada da biodiversidade al\u00e9m das fronteiras nacionais\u201d.<\/p><\/blockquote>\n<p>Garantir a ratifica\u00e7\u00e3o dos 60 pa\u00edses at\u00e9 o fim do ano \u00e9 um dos principais objetivos da\u00a0<a href=\"https:\/\/agenciabrasil.ebc.com.br\/meio-ambiente\/noticia\/2025-06\/conferencia-dos-oceanos-reunira-lideres-na-franca-na-proxima-semana\" target=\"_blank\" rel=\"noopener\">Confer\u00eancia dos Oceanos<\/a>, segundo o enviado da presid\u00eancia francesa para o evento, Olivier Poivre D\u2019Arvor.<\/p>\n<blockquote><p>\u201c\u00c9 imposs\u00edvel falar de desenvolvimento sustent\u00e1vel sem incluir o oceano. Sem proteg\u00ea-lo, n\u00e3o h\u00e1 como combater a mudan\u00e7a do clima. Tr\u00eas bilh\u00f5es de pessoas dependem diretamente de recursos marinhos para sua sobreviv\u00eancia. O oceano \u00e9 o maior regulador clim\u00e1tico do planeta, em fun\u00e7\u00e3o de toda a cadeia de vida que ele abriga\u201d, disse o presidente brasileiro.<\/p><\/blockquote>\n<p>Em seu discurso, Lula ressaltou que paira sobre o oceano a amea\u00e7a do unilateralismo.<\/p>\n<blockquote><p>\u201cN\u00e3o podemos permitir que ocorra com o mar o que aconteceu no com\u00e9rcio internacional, cujas regras foram erodidas a ponto de deixar a OMC [Organiza\u00e7\u00e3o Mundial do Com\u00e9rcio] inoperante.<\/p><\/blockquote>\n<p><strong>Evitar que os oceanos se tornem palco de disputas geopol\u00edticas \u00e9 uma tarefa urgente para a constru\u00e7\u00e3o da paz. Canais, golfos e estreitos devem nos aproximar e n\u00e3o ser motivo de disc\u00f3rdia\u201d, disse.<\/strong><\/p>\n<h2>COP-30<\/h2>\n<p><strong>O presidente brasileiro explicou que o Brasil dar\u00e1 \u00eanfase \u00e0 conserva\u00e7\u00e3o e ao uso sustent\u00e1vel do oceano na 30\u00aa Confer\u00eancia das Na\u00e7\u00f5es Unidas sobre Mudan\u00e7as Clim\u00e1ticas (COP-30), que ser\u00e1 realizada em novembro, em Bel\u00e9m.<\/strong><\/p>\n<blockquote><p>\u201cNos \u00faltimos dez anos, o mundo produziu mais pl\u00e1sticos do que no s\u00e9culo anterior.<\/p><\/blockquote>\n<p>Seus res\u00edduos representam 80% de toda a polui\u00e7\u00e3o marinha. Salvar esse bioma requer empenho renovado na implementa\u00e7\u00e3o do ODS 14 e do Acordo de Paris. &#8220;O Brasil dar\u00e1 \u00eanfase \u00e0 conserva\u00e7\u00e3o e ao uso sustent\u00e1vel do oceano na COP-30, assim como fizemos em nossa Contribui\u00e7\u00e3o Nacionalmente Determinada\u201d, acrescentou.<\/p>\n<p>Lula afirmou ainda que o uso sustent\u00e1vel dos oceanos tamb\u00e9m ser\u00e1 tema de outros eventos como a C\u00fapula Brasil-Caribe, a ser realizada sexta-feira (13), e a 9\u00aa\u00a0Reuni\u00e3o da Zona de Paz e Coopera\u00e7\u00e3o do Atl\u00e2ntico Sul, que o Brasil sediar\u00e1 em 2026.<\/p>\n<p>No discurso, o presidente enfatizou que o Brasil apresentar\u00e1, em Nice, sete compromissos volunt\u00e1rios, relacionados \u00e0 prote\u00e7\u00e3o de \u00e1reas marinhas, ao planejamento espacial mar\u00edtimo, \u00e0 pesca sustent\u00e1vel, \u00e0 ci\u00eancia e \u00e0 educa\u00e7\u00e3o.<\/p>\n<blockquote><p>\u201cAl\u00e9m de zerar o desmatamento at\u00e9 2030, vamos ampliar de 26% para 30% a cobertura de nossas \u00e1reas marinhas protegidas, cumprindo a meta do Marco Global para a Biodiversidade. Tamb\u00e9m implementaremos programas dedicados \u00e0 preserva\u00e7\u00e3o dos manguezais e dos recifes de corais e estamos formulando uma estrat\u00e9gia nacional contra a polui\u00e7\u00e3o por pl\u00e1sticos no oceano\u201d, disse.<\/p><\/blockquote>\n<p>O presidente citou ainda o esfor\u00e7o de realizar o planejamento espacial marinho, estimular a pesca sustent\u00e1vel, o fortalecimento da coleta de dados cient\u00edficos por meio de um Sistema Integrado de Monitoramento, investimentos em pesquisa por meio da Esta\u00e7\u00e3o Comandante Ferraz na Ant\u00e1rtida e a inclus\u00e3o da cultura oce\u00e2nica nos programas escolares.<\/p>\n<blockquote><p>\u201cEm 2025, teremos o maior n\u00famero de Escolas Azuis no mundo, reunindo 515 estabelecimentos de ensino, 160 mil estudantes e 2.600 professores\u201d.<\/p><\/blockquote>\n<p>\u201cH\u00e1 dez anos, Paris se tornou um marco para a governan\u00e7a clim\u00e1tica. Hoje, Nice passa a integrar o caminho at\u00e9 Bel\u00e9m. Com a ONU, o Brasil vai lan\u00e7ar um \u2018Balan\u00e7o \u00c9tico Global\u2019, para mobilizar pensadores, artistas, intelectuais e religiosos, juventudes, mulheres, povos ind\u00edgenas, comunidades tradicionais e afrodescendentes\u00a0rumo \u00e0 COP30. Precisamos formar uma grande onda para construir um futuro mais justo e sustent\u00e1vel\u201d.<\/p>\n<p><strong>Lula destacou que \u00e9 necess\u00e1rio que os l\u00edderes globais entendam que \u201ca quest\u00e3o clim\u00e1tica n\u00e3o \u00e9 inven\u00e7\u00e3o de cientistas nem \u00e9 brincadeira de gente da ONU\u201d e que \u00e9 preciso investir no ensino da quest\u00e3o clim\u00e1tica nas escolas de ensino fundamental.<\/strong><\/p>\n<blockquote><p>\u201cA quest\u00e3o clim\u00e1tica \u00e9 uma necessidade vital de preserva\u00e7\u00e3o do nosso ambiente e que a gente vai ter de tomar uma decis\u00e3o. Primeiro, se acredita ou n\u00e3o. Se acredita, n\u00f3s vamos ter de decidir que n\u00e3o existe outro espa\u00e7o para a gente viver, \u00e9 no planeta Terra. Segundo: que a quest\u00e3o clim\u00e1tica pode dizimar a humanidade\u201d.<\/p><\/blockquote>\n<\/div>\n","protected":false},"excerpt":{"rendered":"<p>Acordo internacional prev\u00ea uso sustent\u00e1vel de mares internacionais Vitor Abdala &#8211; Rep\u00f3rter da Ag\u00eancia Brasil Publicado em 09\/06\/2025 &#8211; 07:43 Rio de Janeiro \u00a9 Ricardo Stuckert\/PR Vers\u00e3o em \u00e1udio O presidente Luiz In\u00e1cio Lula da Silva\u00a0afirmou, nesta segunda-feira (9), que o Brasil deve ratificar ainda este ano o acordo sobre conserva\u00e7\u00e3o e uso sustent\u00e1vel da &hellip;<\/p>\n","protected":false},"author":2,"featured_media":35006,"comment_status":"open","ping_status":"open","sticky":false,"template":"","format":"standard","meta":{"footnotes":"","_links_to":"","_links_to_target":""},"categories":[1],"tags":[],"class_list":["post-36433","post","type-post","status-publish","format-standard","has-post-thumbnail","hentry","category-geral"],"views":166,"_links":{"self":[{"href":"https:\/\/www.ilheusnoticias.net.br\/v2\/wp-json\/wp\/v2\/posts\/36433"}],"collection":[{"href":"https:\/\/www.ilheusnoticias.net.br\/v2\/wp-json\/wp\/v2\/posts"}],"about":[{"href":"https:\/\/www.ilheusnoticias.net.br\/v2\/wp-json\/wp\/v2\/types\/post"}],"author":[{"embeddable":true,"href":"https:\/\/www.ilheusnoticias.net.br\/v2\/wp-json\/wp\/v2\/users\/2"}],"replies":[{"embeddable":true,"href":"https:\/\/www.ilheusnoticias.net.br\/v2\/wp-json\/wp\/v2\/comments?post=36433"}],"version-history":[{"count":1,"href":"https:\/\/www.ilheusnoticias.net.br\/v2\/wp-json\/wp\/v2\/posts\/36433\/revisions"}],"predecessor-version":[{"id":36434,"href":"https:\/\/www.ilheusnoticias.net.br\/v2\/wp-json\/wp\/v2\/posts\/36433\/revisions\/36434"}],"wp:featuredmedia":[{"embeddable":true,"href":"https:\/\/www.ilheusnoticias.net.br\/v2\/wp-json\/wp\/v2\/media\/35006"}],"wp:attachment":[{"href":"https:\/\/www.ilheusnoticias.net.br\/v2\/wp-json\/wp\/v2\/media?parent=36433"}],"wp:term":[{"taxonomy":"category","embeddable":true,"href":"https:\/\/www.ilheusnoticias.net.br\/v2\/wp-json\/wp\/v2\/categories?post=36433"},{"taxonomy":"post_tag","embeddable":true,"href":"https:\/\/www.ilheusnoticias.net.br\/v2\/wp-json\/wp\/v2\/tags?post=36433"}],"curies":[{"name":"wp","href":"https:\/\/api.w.org\/{rel}","templated":true}]}}