{"id":415,"count":1,"description":"","link":"https:\/\/www.ilheusnoticias.net.br\/v1\/tag\/urucuca-moacyr-leite-reforma-escolas-e-inicio-e-ano-letivo-comeca-em-marco\/","name":"URU\u00c7UCA: MOACYR LEITE REFORMA ESCOLAS E IN\u00cdCIO E ANO LETIVO COME\u00c7A EM MAR\u00c7O","slug":"urucuca-moacyr-leite-reforma-escolas-e-inicio-e-ano-letivo-comeca-em-marco","taxonomy":"post_tag","meta":[],"_links":{"self":[{"href":"https:\/\/www.ilheusnoticias.net.br\/v1\/wp-json\/wp\/v2\/tags\/415"}],"collection":[{"href":"https:\/\/www.ilheusnoticias.net.br\/v1\/wp-json\/wp\/v2\/tags"}],"about":[{"href":"https:\/\/www.ilheusnoticias.net.br\/v1\/wp-json\/wp\/v2\/taxonomies\/post_tag"}],"wp:post_type":[{"href":"https:\/\/www.ilheusnoticias.net.br\/v1\/wp-json\/wp\/v2\/posts?tags=415"}],"curies":[{"name":"wp","href":"https:\/\/api.w.org\/{rel}","templated":true}]}}