{"id":408,"count":1,"description":"","link":"https:\/\/www.ilheusnoticias.net.br\/v1\/tag\/a-cdl-de-ilheus-realizou-a-assembleia-de-prestacao-de-contas-do-exercicio-de-2016\/","name":"A CDL DE ILH\u00c9US REALIZOU A ASSEMBLEIA DE PRESTA\u00c7\u00c3O DE CONTAS DO EXERC\u00cdCIO DE 2016","slug":"a-cdl-de-ilheus-realizou-a-assembleia-de-prestacao-de-contas-do-exercicio-de-2016","taxonomy":"post_tag","meta":[],"_links":{"self":[{"href":"https:\/\/www.ilheusnoticias.net.br\/v1\/wp-json\/wp\/v2\/tags\/408"}],"collection":[{"href":"https:\/\/www.ilheusnoticias.net.br\/v1\/wp-json\/wp\/v2\/tags"}],"about":[{"href":"https:\/\/www.ilheusnoticias.net.br\/v1\/wp-json\/wp\/v2\/taxonomies\/post_tag"}],"wp:post_type":[{"href":"https:\/\/www.ilheusnoticias.net.br\/v1\/wp-json\/wp\/v2\/posts?tags=408"}],"curies":[{"name":"wp","href":"https:\/\/api.w.org\/{rel}","templated":true}]}}