{"id":174,"count":1,"description":"","link":"https:\/\/www.ilheusnoticias.net.br\/v1\/tag\/corpo-do-proprietario-da-livraria-universal-sera-velado-neste-sabado\/","name":"Corpo do propriet\u00e1rio da Livraria Universal ser\u00e1 velado neste s\u00e1bado","slug":"corpo-do-proprietario-da-livraria-universal-sera-velado-neste-sabado","taxonomy":"post_tag","meta":[],"_links":{"self":[{"href":"https:\/\/www.ilheusnoticias.net.br\/v1\/wp-json\/wp\/v2\/tags\/174"}],"collection":[{"href":"https:\/\/www.ilheusnoticias.net.br\/v1\/wp-json\/wp\/v2\/tags"}],"about":[{"href":"https:\/\/www.ilheusnoticias.net.br\/v1\/wp-json\/wp\/v2\/taxonomies\/post_tag"}],"wp:post_type":[{"href":"https:\/\/www.ilheusnoticias.net.br\/v1\/wp-json\/wp\/v2\/posts?tags=174"}],"curies":[{"name":"wp","href":"https:\/\/api.w.org\/{rel}","templated":true}]}}