{"id":147,"count":1,"description":"","link":"https:\/\/www.ilheusnoticias.net.br\/v1\/tag\/ilheus-morre-seu-madruga-vitima-de-cancer\/","name":"Ilh\u00e9us: Morre Seu Madruga v\u00edtima de c\u00e2ncer","slug":"ilheus-morre-seu-madruga-vitima-de-cancer","taxonomy":"post_tag","meta":[],"_links":{"self":[{"href":"https:\/\/www.ilheusnoticias.net.br\/v1\/wp-json\/wp\/v2\/tags\/147"}],"collection":[{"href":"https:\/\/www.ilheusnoticias.net.br\/v1\/wp-json\/wp\/v2\/tags"}],"about":[{"href":"https:\/\/www.ilheusnoticias.net.br\/v1\/wp-json\/wp\/v2\/taxonomies\/post_tag"}],"wp:post_type":[{"href":"https:\/\/www.ilheusnoticias.net.br\/v1\/wp-json\/wp\/v2\/posts?tags=147"}],"curies":[{"name":"wp","href":"https:\/\/api.w.org\/{rel}","templated":true}]}}