{"id":128,"count":1,"description":"","link":"https:\/\/www.ilheusnoticias.net.br\/v1\/tag\/etica-e-trabalhos-cientificos-marcam-a-i-jornada-de-odontologia-da-faculdade-de-ilheus\/","name":"\u00c9TICA E TRABALHOS CIENT\u00cdFICOS MARCAM A I JORNADA DE ODONTOL\u00d3GIA DA FACULDADE DE ILH\u00c9US","slug":"etica-e-trabalhos-cientificos-marcam-a-i-jornada-de-odontologia-da-faculdade-de-ilheus","taxonomy":"post_tag","meta":[],"_links":{"self":[{"href":"https:\/\/www.ilheusnoticias.net.br\/v1\/wp-json\/wp\/v2\/tags\/128"}],"collection":[{"href":"https:\/\/www.ilheusnoticias.net.br\/v1\/wp-json\/wp\/v2\/tags"}],"about":[{"href":"https:\/\/www.ilheusnoticias.net.br\/v1\/wp-json\/wp\/v2\/taxonomies\/post_tag"}],"wp:post_type":[{"href":"https:\/\/www.ilheusnoticias.net.br\/v1\/wp-json\/wp\/v2\/posts?tags=128"}],"curies":[{"name":"wp","href":"https:\/\/api.w.org\/{rel}","templated":true}]}}