{"id":72,"date":"2016-03-17T14:14:13","date_gmt":"2016-03-17T17:14:13","guid":{"rendered":"http:\/\/www.ilheusnoticias.net.br\/v1\/?p=72"},"modified":"2016-03-17T14:16:17","modified_gmt":"2016-03-17T17:16:17","slug":"regis-danese-comemora-10-anos-de-carreira-com-gravacao-de-dvd-em-ilheus","status":"publish","type":"post","link":"https:\/\/www.ilheusnoticias.net.br\/v1\/2016\/03\/17\/regis-danese-comemora-10-anos-de-carreira-com-gravacao-de-dvd-em-ilheus\/","title":{"rendered":"Regis Danese comemora 10 anos de carreira com grava\u00e7\u00e3o de DVD em Ilh\u00e9us"},"content":{"rendered":"<p class=\"ecxMsoNormal\" align=\"center\"><i><span lang=\"PT-BR\"><img loading=\"lazy\" class=\"aligncenter size-full wp-image-73\" src=\"http:\/\/www.ilheusnoticias.net.br\/v1\/wp-content\/uploads\/2016\/03\/regis.jpg\" alt=\"regis\" width=\"218\" height=\"109\" \/>\u00a0<\/span><\/i><\/p>\n<p class=\"ecxMsoNormal\"><span lang=\"PT-BR\">O cantor e compositor <b>Regis Danese<\/b> reunir\u00e1 os sucessos de seus <b>10 anos de carreira<\/b> em um <b>DVD<\/b>, cuja grava\u00e7\u00e3o ser\u00e1 realizada no centro de <b>Ilh\u00e9us, Sul da Bahia<\/b>, no pr\u00f3ximo dia <b>23 de mar\u00e7o (quarta-feira), a partir das 20h30<\/b>. Considerado um dos maiores cantores da m\u00fasica gospel brasileira, Regis j\u00e1 vendeu mais de 2 milh\u00f5es de c\u00f3pias de discos. Em 2009, foi indicado ao Grammy Latino na categoria \u201cmelhor \u00e1lbum crist\u00e3o em portugu\u00eas\u201d, pelo disco Compromisso. As can\u00e7\u00f5es Faz um Milagre em mim, O meu Deus \u00e9 Forte e Eu creio nos planos de Deus estar\u00e3o entre os hits eleitos para o repert\u00f3rio do grande show aberto ao p\u00fablico na Avenida Soares Lopes. \u00a0\u201cDeus me inspirou a escolher Ilh\u00e9us para gravar este DVD. Ser\u00e1 um enorme presente para a cidade\u201d, ressalta o cantor, que ap\u00f3s o lan\u00e7amento do disco, sair\u00e1 em turn\u00ea por todo o Brasil, levando consigo as imagens e a energia da terra de Jorge Amado.<\/span><\/p>\n<p class=\"ecxMsoNormal\"><span lang=\"PT-BR\">\u00a0<\/span><\/p>\n<p class=\"ecxMsoNormal\"><span lang=\"PT-BR\">O espet\u00e1culo, que contar\u00e1 com a participa\u00e7\u00e3o dos cantores convidados Anderson Freire e Bruna Karla, integra a programa\u00e7\u00e3o do <b>Aleluia Ilh\u00e9us Festival<\/b>, evento multicultural promovido na cidade durante a <b>Semana Santa, de 23 a 26 de mar\u00e7o<\/b>. Em sua terceira edi\u00e7\u00e3o, o Aleluia Ilh\u00e9us inclui ainda apresenta\u00e7\u00f5es gratuitas de outros grandes nomes da m\u00fasica nacional como <b>Paralamas do Sucesso<\/b>, <b>Jorge Vercillo<\/b> e a tamb\u00e9m cantora gospel <b>Adriana Arydes, <\/b>em um palco montado pr\u00f3ximo \u00e0 catedral da cidade.<\/span><\/p>\n<p class=\"ecxMsoNormal\"><span lang=\"PT-BR\">\u00a0<\/span><\/p>\n<p class=\"ecxMsoNormal\"><b><span lang=\"PT-BR\">Aleluia Ilh\u00e9us <\/span><\/b><span lang=\"PT-BR\">&#8211; Exposi\u00e7\u00e3o liter\u00e1ria com autores da terra de Jorge Amado, instala\u00e7\u00f5es art\u00edsticas e vernissages de grandes artistas pl\u00e1sticos baianos, manifesta\u00e7\u00f5es da cultura regional, feira de economia criativa com artesanato local e pavilh\u00e3o de exposi\u00e7\u00e3o de marcas de chocolate de origem do Sul da Bahia. Tudo isso aliado ao espet\u00e1culo da encena\u00e7\u00e3o da <b>Paix\u00e3o de Cristo<\/b> e uma vasta programa\u00e7\u00e3o <a target=\"_blank\" name=\"_GoBack\"><\/a>musical. Esse \u00e9 o conjunto de atrativos que completa a terceira edi\u00e7\u00e3o do Aleluia Ilh\u00e9us Festival, \u00fanico evento com a tem\u00e1tica da Semana Santa no estado da Bahia.<\/span><\/p>\n<p class=\"ecxMsoNormal\"><span lang=\"PT-BR\">Confira aqui a programa\u00e7\u00e3o<b>\u00a0<\/b><\/span><br \/>\n<!--more--><\/p>\n<p class=\"ecxMsoNormal\"><b><span lang=\"PT-BR\">Programa\u00e7\u00e3o<\/span><\/b><span lang=\"PT-BR\"> \u2013 Um dos pontos mais requisitados do evento s\u00e3o as atra\u00e7\u00f5es musicais que, al\u00e9m dos nomes nacionais, incluem bandas locais de voz e viol\u00e3o e ainda tributos ao Pop Rock e MPB. Na Sexta-feira da Paix\u00e3o (25), o p\u00fablico ir\u00e1 se emocionar com a encena\u00e7\u00e3o da Paix\u00e3o de Cristo. \u00c0s 18h, as escadarias da Catedral de S\u00e3o Sebasti\u00e3o, na Pra\u00e7a Dom Eduardo, se tornar\u00e3o palco para a performance de quase duas horas de dura\u00e7\u00e3o, envolvendo aproximadamente 80 pessoas, entre atores e figurantes do grupo de teatro Jovens em Cristo.<\/span><\/p>\n<p class=\"ecxMsoNormal\"><span lang=\"PT-BR\">\u00a0<\/span><\/p>\n<p class=\"ecxMsoNormal\"><span lang=\"PT-BR\">Paralelamente \u00e0s atra\u00e7\u00f5es, outros espa\u00e7os atrair\u00e3o a aten\u00e7\u00e3o do p\u00fablico, a exemplo do Pal\u00e1cio das Artes, estrutura que abrigar\u00e1 instala\u00e7\u00f5es art\u00edsticas e exposi\u00e7\u00e3o de obras de escultores e pintores baianos. No mesmo pavilh\u00e3o, funcionar\u00e1 a feira da economia criativa, lugar onde os visitantes podem percorrer corredores com diversos estandes de expositores de artesanato e outros produtos manufaturados. Em um local dedicado \u00e0 agricultura familiar, o p\u00fablico ter\u00e1 a oportunidade de consumir alimentos org\u00e2nicos como frutas, hortali\u00e7as, bebidas e compotas produzidas na zona rural das proximidades do munic\u00edpio de Ilh\u00e9us.<\/span><\/p>\n<p class=\"ecxMsoNormal\"><span lang=\"PT-BR\">\u00a0<\/span><\/p>\n<p class=\"ecxMsoNormal\"><b><span lang=\"PT-BR\">Chocolate<\/span><\/b><span lang=\"PT-BR\"> \u2013 A Semana Santa \u00e9 tamb\u00e9m o per\u00edodo quando os crist\u00e3os celebram a ressurrei\u00e7\u00e3o de Cristo, supostamente ocorrida no Domingo de P\u00e1scoa. Adapta\u00e7\u00f5es nas comemora\u00e7\u00f5es ao evento religioso levaram as pessoas \u00e0 tradi\u00e7\u00e3o mundial de consumir e compartilhar ovos de chocolate. Por isso, esse \u00e9 o per\u00edodo do ano em que mais se consome esse alimento no Brasil. Na terra do chocolate, a guloseima n\u00e3o poderia ficar de fora. Haver\u00e1 um Pavilh\u00e3o do Chocolate, espa\u00e7o que reunir\u00e1 diversas marcas de chocolate de origem, produzidos com alto teor de mais puro cacau selecionado do Sul da Bahia.<\/span><\/p>\n<p class=\"ecxMsoNormal\"><span lang=\"PT-BR\">\u00a0<\/span><\/p>\n<p class=\"ecxMsoNormal\"><span lang=\"PT-BR\">Para garantir a tranquilidade dos festejos, um forte esquema de seguran\u00e7a ser\u00e1 montado para o evento, que ocorre em uma \u00e1rea total de 2,5 mil metros quadrados ao longo da Avenida Soares Lopes. Mais de 400 agentes das Pol\u00edcias Civil e Militar, Corpo de Bombeiros, Guarda Municipal e de seguran\u00e7a privada especializada atuar\u00e3o no per\u00edmetro do festival. Haver\u00e1 estrutura para atendimentos de primeiros socorros e fiscaliza\u00e7\u00e3o da vigil\u00e2ncia sanit\u00e1ria. O tr\u00e2nsito no centro da cidade deve sofrer modifica\u00e7\u00f5es tempor\u00e1rias.<\/span><\/p>\n<p class=\"ecxMsoNormal\"><span lang=\"PT-BR\">\u00a0<\/span><\/p>\n<p class=\"ecxMsoNormal\"><b><span lang=\"PT-BR\">Confira abaixo a programa\u00e7\u00e3o completa do palco principal:<\/span><\/b><\/p>\n<p class=\"ecxMsoNormal\"><span lang=\"PT-BR\">\u00a0<\/span><\/p>\n<p class=\"ecxMsoNormal\"><b><span lang=\"PT-BR\">Quarta-feira (23):<\/span><\/b><\/p>\n<p class=\"ecxMsoNormal\"><span lang=\"PT-BR\">20h30 \u2013 Regis Danese (grava\u00e7\u00e3o do DVD de 10 anos de carreira)<\/span><\/p>\n<p class=\"ecxMsoNormal\"><span lang=\"PT-BR\">\u00a0<\/span><\/p>\n<p class=\"ecxMsoNormal\"><b><span lang=\"PT-BR\">Quinta-feira (24):<\/span><\/b><\/p>\n<p class=\"ecxMsoNormal\"><span lang=\"PT-BR\">20h30 \u2013 Amigos na F\u00e9<\/span><\/p>\n<p class=\"ecxMsoNormal\"><span lang=\"PT-BR\">22h30 \u2013 Adriana Arydes<\/span><\/p>\n<p class=\"ecxMsoNormal\"><span lang=\"PT-BR\">\u00a0<\/span><\/p>\n<p class=\"ecxMsoNormal\"><b><span lang=\"PT-BR\">Sexta-feira (25):<\/span><\/b><\/p>\n<p class=\"ecxMsoNormal\"><span lang=\"PT-BR\">20h30 \u2013 Tributo ao MPB<\/span><\/p>\n<p class=\"ecxMsoNormal\"><span lang=\"PT-BR\">22h30 \u2013 Jorge Vercillo<\/span><\/p>\n<p class=\"ecxMsoNormal\"><span lang=\"PT-BR\">\u00a0<\/span><\/p>\n<p class=\"ecxMsoNormal\"><b><span lang=\"PT-BR\">S\u00e1bado (26):<\/span><\/b><\/p>\n<p class=\"ecxMsoNormal\"><span lang=\"PT-BR\">20h30 \u2013 Tributo ao Pop Rock<\/span><\/p>\n<p class=\"ecxMsoNormal\"><span lang=\"PT-BR\">22h30 \u2013 Paralamas do Sucesso<\/span><\/p>\n","protected":false},"excerpt":{"rendered":"<p>\u00a0 O cantor e compositor Regis Danese reunir\u00e1 os sucessos de seus 10 anos de carreira em um DVD, cuja grava\u00e7\u00e3o ser\u00e1 realizada no centro de Ilh\u00e9us, Sul da Bahia, no pr\u00f3ximo dia 23 de mar\u00e7o (quarta-feira), a partir das 20h30. Considerado um dos maiores cantores da m\u00fasica gospel brasileira, Regis j\u00e1 vendeu mais de [&hellip;]<\/p>\n","protected":false},"author":2,"featured_media":0,"comment_status":"open","ping_status":"open","sticky":false,"template":"","format":"standard","meta":{"_links_to":"","_links_to_target":""},"categories":[1],"tags":[],"_links":{"self":[{"href":"https:\/\/www.ilheusnoticias.net.br\/v1\/wp-json\/wp\/v2\/posts\/72"}],"collection":[{"href":"https:\/\/www.ilheusnoticias.net.br\/v1\/wp-json\/wp\/v2\/posts"}],"about":[{"href":"https:\/\/www.ilheusnoticias.net.br\/v1\/wp-json\/wp\/v2\/types\/post"}],"author":[{"embeddable":true,"href":"https:\/\/www.ilheusnoticias.net.br\/v1\/wp-json\/wp\/v2\/users\/2"}],"replies":[{"embeddable":true,"href":"https:\/\/www.ilheusnoticias.net.br\/v1\/wp-json\/wp\/v2\/comments?post=72"}],"version-history":[{"count":3,"href":"https:\/\/www.ilheusnoticias.net.br\/v1\/wp-json\/wp\/v2\/posts\/72\/revisions"}],"predecessor-version":[{"id":76,"href":"https:\/\/www.ilheusnoticias.net.br\/v1\/wp-json\/wp\/v2\/posts\/72\/revisions\/76"}],"wp:attachment":[{"href":"https:\/\/www.ilheusnoticias.net.br\/v1\/wp-json\/wp\/v2\/media?parent=72"}],"wp:term":[{"taxonomy":"category","embeddable":true,"href":"https:\/\/www.ilheusnoticias.net.br\/v1\/wp-json\/wp\/v2\/categories?post=72"},{"taxonomy":"post_tag","embeddable":true,"href":"https:\/\/www.ilheusnoticias.net.br\/v1\/wp-json\/wp\/v2\/tags?post=72"}],"curies":[{"name":"wp","href":"https:\/\/api.w.org\/{rel}","templated":true}]}}