{"id":5718,"date":"2017-04-24T11:31:57","date_gmt":"2017-04-24T14:31:57","guid":{"rendered":"http:\/\/www.ilheusnoticias.net.br\/v1\/?p=5718"},"modified":"2017-04-24T11:31:57","modified_gmt":"2017-04-24T14:31:57","slug":"%e2%80%8bprefeito-moacyr-discute-reativacao-da-camara-de-turismo-da-costa-do-cacau","status":"publish","type":"post","link":"https:\/\/www.ilheusnoticias.net.br\/v1\/2017\/04\/24\/%e2%80%8bprefeito-moacyr-discute-reativacao-da-camara-de-turismo-da-costa-do-cacau\/","title":{"rendered":"\u200bPrefeito Moacyr discute reativa\u00e7\u00e3o da C\u00e2mara de Turismo da Costa do Cacau"},"content":{"rendered":"<p><a href=\"http:\/\/www.ilheusnoticias.net.br\/v1\/wp-content\/uploads\/2017\/04\/wp-1493044289692.jpg\"><img loading=\"lazy\" width=\"480\" height=\"360\" alt=\"\" src=\"http:\/\/www.ilheusnoticias.net.br\/v1\/wp-content\/uploads\/2017\/04\/wp-1493044289692.jpg\" title=\"\" class=\"aligncenter size-full wp-image-5717\" srcset=\"https:\/\/www.ilheusnoticias.net.br\/v1\/wp-content\/uploads\/2017\/04\/wp-1493044289692.jpg 1032w, https:\/\/www.ilheusnoticias.net.br\/v1\/wp-content\/uploads\/2017\/04\/wp-1493044289692-300x225.jpg 300w, https:\/\/www.ilheusnoticias.net.br\/v1\/wp-content\/uploads\/2017\/04\/wp-1493044289692-1024x768.jpg 1024w\" sizes=\"(max-width: 480px) 100vw, 480px\" \/><\/a><\/p>\n<p align=\"center\" style=\"color: rgb(0, 0, 0); font-family: sans-serif; font-size: medium; line-height: normal; text-align: center; margin-top: 14pt; margin-bottom: 14pt;\"><b><i>&nbsp;<\/i><\/b><\/p>\n<p align=\"justify\" style=\"color: rgb(0, 0, 0); font-family: sans-serif; font-size: medium; line-height: normal; margin-top: 14pt; margin-bottom: 14pt;\">Serra Grande, distrito do munic\u00edpio de Uru\u00e7uca, foi o ponto encontro de Secret\u00e1rios de Turismo de munic\u00edpios que comp\u00f5em a Costa do Cacau, na \u00faltima quarta-feira, 19. Na oportunidade, representantes de munic\u00edpios discutiram a reativa\u00e7\u00e3o da C\u00e2mara da Costa do Cacau, juntamente com o Secret\u00e1rio de Turismo do estado, Jos\u00e9 Alves.<\/p>\n<p align=\"justify\" style=\"color: rgb(0, 0, 0); font-family: sans-serif; font-size: medium; line-height: normal; margin-top: 14pt; margin-bottom: 14pt;\">Hoje, a Costa do Cacau abrange e os munic\u00edpios de Canaveiras, Itacar\u00e9, Ilh\u00e9us, Itabuna, Santa Luzia, Una e Uru\u00e7uca. Para o prefeito anfitri\u00e3o do encontro, a regi\u00e3o possui grande potencial tur\u00edstico. \u201cA nossa regi\u00e3o \u00e9 rica em belezas naturais, manifesta\u00e7\u00f5es culturais, gastronomia e hist\u00f3ria. Temos muitos elementos que s\u00e3o atrativos para atrair turistas e movimentar a economia,\u201d declarou o Moacy Leite.<\/p>\n<p align=\"justify\" style=\"color: rgb(0, 0, 0); font-family: sans-serif; font-size: medium; line-height: normal; margin-top: 14pt; margin-bottom: 14pt;\">A C\u00e2mara de Turismo da Costa do Cacau tem como principal objetivo a organiza\u00e7\u00e3o e elabora\u00e7\u00e3o de planos de a\u00e7\u00f5es para os munic\u00edpios, valorizando costumes locais, bem como, a integra\u00e7\u00e3o da comunidade na proposta de desenvolvimento do turismo regional. &nbsp;<\/p>\n<p align=\"justify\" style=\"color: rgb(0, 0, 0); font-family: sans-serif; font-size: medium; line-height: normal; margin-top: 14pt; margin-bottom: 14pt;\">A pr\u00f3xima etapa de reativa\u00e7\u00e3o da C\u00e2mara de Turismo \u00e9 uma nova reuni\u00e3o com secret\u00e1rios e representantes dos munic\u00edpios, onde ir\u00e3o elencar as principais demandas que ser\u00e3o encaminhadas \u00e0 Secretaria de Turismo do Estado. Moacyr Leite ressaltou a import\u00e2ncia do munic\u00edpio no projeto. \u201cTemos uma equipe que est\u00e1 empenhada na elabora\u00e7\u00e3o de diagn\u00f3sticos dos nossos atrativos tur\u00edsticos, para ampliarmos o nosso cen\u00e1rio e, consequentemente, a nossa economia,\u201d detalhou o prefeito.<\/p>\n","protected":false},"excerpt":{"rendered":"<p>&nbsp; Serra Grande, distrito do munic\u00edpio de Uru\u00e7uca, foi o ponto encontro de Secret\u00e1rios de Turismo de munic\u00edpios que comp\u00f5em a Costa do Cacau, na \u00faltima quarta-feira, 19. Na oportunidade, representantes de munic\u00edpios discutiram a reativa\u00e7\u00e3o da C\u00e2mara da Costa do Cacau, juntamente com o Secret\u00e1rio de Turismo do estado, Jos\u00e9 Alves. Hoje, a Costa [&hellip;]<\/p>\n","protected":false},"author":2,"featured_media":0,"comment_status":"open","ping_status":"open","sticky":false,"template":"","format":"standard","meta":{"_links_to":"","_links_to_target":""},"categories":[1],"tags":[],"_links":{"self":[{"href":"https:\/\/www.ilheusnoticias.net.br\/v1\/wp-json\/wp\/v2\/posts\/5718"}],"collection":[{"href":"https:\/\/www.ilheusnoticias.net.br\/v1\/wp-json\/wp\/v2\/posts"}],"about":[{"href":"https:\/\/www.ilheusnoticias.net.br\/v1\/wp-json\/wp\/v2\/types\/post"}],"author":[{"embeddable":true,"href":"https:\/\/www.ilheusnoticias.net.br\/v1\/wp-json\/wp\/v2\/users\/2"}],"replies":[{"embeddable":true,"href":"https:\/\/www.ilheusnoticias.net.br\/v1\/wp-json\/wp\/v2\/comments?post=5718"}],"version-history":[{"count":1,"href":"https:\/\/www.ilheusnoticias.net.br\/v1\/wp-json\/wp\/v2\/posts\/5718\/revisions"}],"predecessor-version":[{"id":5719,"href":"https:\/\/www.ilheusnoticias.net.br\/v1\/wp-json\/wp\/v2\/posts\/5718\/revisions\/5719"}],"wp:attachment":[{"href":"https:\/\/www.ilheusnoticias.net.br\/v1\/wp-json\/wp\/v2\/media?parent=5718"}],"wp:term":[{"taxonomy":"category","embeddable":true,"href":"https:\/\/www.ilheusnoticias.net.br\/v1\/wp-json\/wp\/v2\/categories?post=5718"},{"taxonomy":"post_tag","embeddable":true,"href":"https:\/\/www.ilheusnoticias.net.br\/v1\/wp-json\/wp\/v2\/tags?post=5718"}],"curies":[{"name":"wp","href":"https:\/\/api.w.org\/{rel}","templated":true}]}}