{"id":5698,"date":"2017-04-24T11:08:26","date_gmt":"2017-04-24T14:08:26","guid":{"rendered":"http:\/\/www.ilheusnoticias.net.br\/v1\/?p=5698"},"modified":"2017-04-24T11:08:26","modified_gmt":"2017-04-24T14:08:26","slug":"%e2%80%8bmarinha-do-brasil-doa-100-fuzis-ao-governo-da-bahia","status":"publish","type":"post","link":"https:\/\/www.ilheusnoticias.net.br\/v1\/2017\/04\/24\/%e2%80%8bmarinha-do-brasil-doa-100-fuzis-ao-governo-da-bahia\/","title":{"rendered":"\u200bMarinha do Brasil doa 100 fuzis ao Governo da Bahia"},"content":{"rendered":"<p><span style=\"font-size: 13.5pt; color: rgb(0, 0, 0); font-family: Calibri, Arial, Helvetica, sans-serif;\">&nbsp;<\/span><\/p>\n<p style=\"color: rgb(0, 0, 0); font-family: Calibri, Arial, Helvetica, sans-serif; line-height: normal;\">\n<p style=\"margin-bottom: 0px;\"><font size=\"4\"><span style=\"font-size: 13.5pt;\">Nesta ter\u00e7a-feira (dia 25), \u00e0s 9h, o governador Rui Costa e o comandante do 2\u00ba Distrito Naval, Vice-Almirante Almir Garnier Santos participar\u00e3o de uma cerim\u00f4nia para a entrega de 100 unidades do Fuzil Autom\u00e1tico Leve \u2013 FAL 7,62 mm, doados pela Marinha do Brasil \u00e0 Secretaria de Seguran\u00e7a P\u00fablica do Estado da Bahia (SSP\/BA). A solenidade ser\u00e1 realizada no Comando do 2\u00ba Distrito Naval, no bairro do Com\u00e9rcio, com a apresenta\u00e7\u00e3o do armamento que ser\u00e1 entregue \u00e0 pol\u00edcia baiana.<\/span><\/font><\/p>\n<p style=\"margin-bottom: 0px;\"><font size=\"4\"><span style=\"font-size: 13.5pt;\">&nbsp;<\/span><\/font><\/p>\n<p style=\"margin-bottom: 0px;\"><font size=\"4\"><span style=\"font-size: 13.5pt;\">Do total de fuzis, 85 ser\u00e3o destinados \u00e0 Pol\u00edcia Militar e 15 \u00e0 Pol\u00edcia Civil da Bahia. O armamento fazia parte da reserva estrat\u00e9gica da Marinha do Brasil e passou por revis\u00e3o e manuten\u00e7\u00e3o no Centro Tecnol\u00f3gico do Corpo de Fuzileiros Navais, na cidade do Rio de Janeiro, antes de ser disponibilizado para a doa\u00e7\u00e3o, que atendeu a uma solicita\u00e7\u00e3o da SSP\/BA.<\/span><\/font><\/p>\n<p><font size=\"4\"><span style=\"font-size: 13.5pt;\"><br \/>\n<\/span><\/font><\/p>\n","protected":false},"excerpt":{"rendered":"<p>&nbsp; Nesta ter\u00e7a-feira (dia 25), \u00e0s 9h, o governador Rui Costa e o comandante do 2\u00ba Distrito Naval, Vice-Almirante Almir Garnier Santos participar\u00e3o de uma cerim\u00f4nia para a entrega de 100 unidades do Fuzil Autom\u00e1tico Leve \u2013 FAL 7,62 mm, doados pela Marinha do Brasil \u00e0 Secretaria de Seguran\u00e7a P\u00fablica do Estado da Bahia (SSP\/BA). [&hellip;]<\/p>\n","protected":false},"author":2,"featured_media":0,"comment_status":"open","ping_status":"open","sticky":false,"template":"","format":"standard","meta":{"_links_to":"","_links_to_target":""},"categories":[1],"tags":[],"_links":{"self":[{"href":"https:\/\/www.ilheusnoticias.net.br\/v1\/wp-json\/wp\/v2\/posts\/5698"}],"collection":[{"href":"https:\/\/www.ilheusnoticias.net.br\/v1\/wp-json\/wp\/v2\/posts"}],"about":[{"href":"https:\/\/www.ilheusnoticias.net.br\/v1\/wp-json\/wp\/v2\/types\/post"}],"author":[{"embeddable":true,"href":"https:\/\/www.ilheusnoticias.net.br\/v1\/wp-json\/wp\/v2\/users\/2"}],"replies":[{"embeddable":true,"href":"https:\/\/www.ilheusnoticias.net.br\/v1\/wp-json\/wp\/v2\/comments?post=5698"}],"version-history":[{"count":1,"href":"https:\/\/www.ilheusnoticias.net.br\/v1\/wp-json\/wp\/v2\/posts\/5698\/revisions"}],"predecessor-version":[{"id":5699,"href":"https:\/\/www.ilheusnoticias.net.br\/v1\/wp-json\/wp\/v2\/posts\/5698\/revisions\/5699"}],"wp:attachment":[{"href":"https:\/\/www.ilheusnoticias.net.br\/v1\/wp-json\/wp\/v2\/media?parent=5698"}],"wp:term":[{"taxonomy":"category","embeddable":true,"href":"https:\/\/www.ilheusnoticias.net.br\/v1\/wp-json\/wp\/v2\/categories?post=5698"},{"taxonomy":"post_tag","embeddable":true,"href":"https:\/\/www.ilheusnoticias.net.br\/v1\/wp-json\/wp\/v2\/tags?post=5698"}],"curies":[{"name":"wp","href":"https:\/\/api.w.org\/{rel}","templated":true}]}}