{"id":5667,"date":"2017-04-20T13:07:40","date_gmt":"2017-04-20T16:07:40","guid":{"rendered":"http:\/\/www.ilheusnoticias.net.br\/v1\/?p=5667"},"modified":"2017-04-20T13:29:56","modified_gmt":"2017-04-20T16:29:56","slug":"policia-civil-de-ilheus-prende-traficantes-no-alto-do-coqueiro","status":"publish","type":"post","link":"https:\/\/www.ilheusnoticias.net.br\/v1\/2017\/04\/20\/policia-civil-de-ilheus-prende-traficantes-no-alto-do-coqueiro\/","title":{"rendered":"Pol\u00edcia Civil de Ilh\u00e9us prende traficantes no Alto do Coqueiro\u00a0"},"content":{"rendered":"<p><a href=\"https:\/\/4.bp.blogspot.com\/-1L5j6q8AU5k\/WPjUekqNSuI\/AAAAAAAAFqA\/0UkQVlDc7ngOKLdjPmvsCoPyPJ0Nv8bFgCLcB\/s1600\/1b87a14b-a9d7-4673-b7cc-08c8460c7de4.jpg\"><img loading=\"lazy\" width=\"210\" height=\"280\" alt=\"\" src=\"https:\/\/4.bp.blogspot.com\/-1L5j6q8AU5k\/WPjUekqNSuI\/AAAAAAAAFqA\/0UkQVlDc7ngOKLdjPmvsCoPyPJ0Nv8bFgCLcB\/s280\/1b87a14b-a9d7-4673-b7cc-08c8460c7de4.jpg\" title=\"\" class=\"aligncenter size-custom\"><\/a><\/p>\n<p><span style=\"color: rgb(102, 102, 102); font-family: 'Trebuchet MS', Trebuchet, Verdana, sans-serif; font-size: 15.84px; line-height: 20.592px; background-color: rgb(255, 255, 255);\">&nbsp;<\/span><span style=\"color: rgb(102, 102, 102); font-size: 15.84px; line-height: 20.592px; font-family: Verdana, sans-serif; text-align: justify; background-color: rgb(255, 255, 255);\">Pol\u00edcia Civil de Ilh\u00e9us ocupa o Alto do Coqueiro, apreende drogas e efetua pris\u00f5es em flagrante. Na alvorada de 20 de abril de 2017 Policiais Civis efetuaram cumprimento de 10(dez) mandados de Busca e Apreens\u00e3o em im\u00f3veis no Alto do Coqueiro, Bairro do Malhado, decorrente de Investiga\u00e7\u00e3o sobre tr\u00e1fico de drogas, que segundo apurado seria comando por IRINEU, \u00c9RIC e RAIMUNDINHO que residem fora do estado da Bahia. A a\u00e7\u00e3o policial resultou na pris\u00e3o em flagrante de DOUGLAS ALVES BANDEIRA, vulgo TOQUINHO, por ter sido encontrado pedras de crack embaladas e prontas para a venda, no im\u00f3vel situado na Rua S\u00e3o Mateus, n 358, Alto do Coqueiro, Bairro do Malhado.&nbsp;<\/span><br style=\"color: rgb(102, 102, 102); font-family: 'Trebuchet MS', Trebuchet, Verdana, sans-serif; font-size: 15.84px; line-height: 20.592px; background-color: rgb(255, 255, 255);\"><\/p>\n<p class=\"separator\" style=\"color: rgb(102, 102, 102); font-family: 'Trebuchet MS', Trebuchet, Verdana, sans-serif; font-size: 15.84px; line-height: 20.592px; clear: both; text-align: center; background-color: rgb(255, 255, 255);\"><a href=\"https:\/\/4.bp.blogspot.com\/-_BfTSB9MUDI\/WPjUgDmCX7I\/AAAAAAAAFqE\/qm9pVZbMn5IOlyhiscQVLVzxNh5Ky-b1QCLcB\/s1600\/b4bb75d4-fe43-4739-9050-9834dc449b7f.jpg\"><img loading=\"lazy\" width=\"210\" height=\"280\" alt=\"\" src=\"https:\/\/4.bp.blogspot.com\/-_BfTSB9MUDI\/WPjUgDmCX7I\/AAAAAAAAFqE\/qm9pVZbMn5IOlyhiscQVLVzxNh5Ky-b1QCLcB\/s280\/b4bb75d4-fe43-4739-9050-9834dc449b7f.jpg\" title=\"\" class=\"aligncenter size-custom\"><\/a><\/p>\n<p style=\"color: rgb(102, 102, 102); font-family: 'Trebuchet MS', Trebuchet, Verdana, sans-serif; font-size: 15.84px; line-height: 20.592px; text-align: justify; background-color: rgb(255, 255, 255);\"><span style=\"font-family: Verdana, sans-serif;\">Foram presos em flagrante delito por tr\u00e1fico e associa\u00e7\u00e3o ao tr\u00e1fico as pessoas de UADSON PINTO GOMES e um Adolescente Infrator, com entorpecentes embalados para a venda, no cumprimento da Busca no im\u00f3vel situado na Rua Augusto Lopes, n 85, Alto do Coqueiro, Foi autuada por uso de entorpecente ADRIANA ROSARIO OLIVEIRA por ter sido apreendido droga para uso, no im\u00f3vel da Rua S\u00e3o Mateus, n 343. Nas buscas foram apreendidos aparelhos de smartphones, caderno e anota\u00e7\u00f5es do tr\u00e1fico. Foram ainda conduzidos para Delegacia para prestar esclarecimentos 12 pessoas que ap\u00f3s serem interrogadas foram liberadas. Participaram da Opera\u00e7\u00e3o Policial, 50 servidores policiais civis das 7a e 6a Coordenadorias Regionais com sede em Ilh\u00e9us e Itabuna,entre Execu\u00e7\u00e3o das ordens judiciais e formaliza\u00e7\u00e3o de procedimentos.<\/span><\/p>\n<p style=\"color: rgb(102, 102, 102); font-size: 15.84px; line-height: 20.592px; text-align: justify; background-color: rgb(255, 255, 255);\"><font face=\"Verdana, sans-serif\">Coutinho Neto<\/font><\/p>\n","protected":false},"excerpt":{"rendered":"<p>&nbsp;Pol\u00edcia Civil de Ilh\u00e9us ocupa o Alto do Coqueiro, apreende drogas e efetua pris\u00f5es em flagrante. Na alvorada de 20 de abril de 2017 Policiais Civis efetuaram cumprimento de 10(dez) mandados de Busca e Apreens\u00e3o em im\u00f3veis no Alto do Coqueiro, Bairro do Malhado, decorrente de Investiga\u00e7\u00e3o sobre tr\u00e1fico de drogas, que segundo apurado seria [&hellip;]<\/p>\n","protected":false},"author":2,"featured_media":0,"comment_status":"open","ping_status":"open","sticky":false,"template":"","format":"standard","meta":{"_links_to":"","_links_to_target":""},"categories":[1],"tags":[],"_links":{"self":[{"href":"https:\/\/www.ilheusnoticias.net.br\/v1\/wp-json\/wp\/v2\/posts\/5667"}],"collection":[{"href":"https:\/\/www.ilheusnoticias.net.br\/v1\/wp-json\/wp\/v2\/posts"}],"about":[{"href":"https:\/\/www.ilheusnoticias.net.br\/v1\/wp-json\/wp\/v2\/types\/post"}],"author":[{"embeddable":true,"href":"https:\/\/www.ilheusnoticias.net.br\/v1\/wp-json\/wp\/v2\/users\/2"}],"replies":[{"embeddable":true,"href":"https:\/\/www.ilheusnoticias.net.br\/v1\/wp-json\/wp\/v2\/comments?post=5667"}],"version-history":[{"count":2,"href":"https:\/\/www.ilheusnoticias.net.br\/v1\/wp-json\/wp\/v2\/posts\/5667\/revisions"}],"predecessor-version":[{"id":5669,"href":"https:\/\/www.ilheusnoticias.net.br\/v1\/wp-json\/wp\/v2\/posts\/5667\/revisions\/5669"}],"wp:attachment":[{"href":"https:\/\/www.ilheusnoticias.net.br\/v1\/wp-json\/wp\/v2\/media?parent=5667"}],"wp:term":[{"taxonomy":"category","embeddable":true,"href":"https:\/\/www.ilheusnoticias.net.br\/v1\/wp-json\/wp\/v2\/categories?post=5667"},{"taxonomy":"post_tag","embeddable":true,"href":"https:\/\/www.ilheusnoticias.net.br\/v1\/wp-json\/wp\/v2\/tags?post=5667"}],"curies":[{"name":"wp","href":"https:\/\/api.w.org\/{rel}","templated":true}]}}