{"id":5624,"date":"2017-04-18T16:36:24","date_gmt":"2017-04-18T19:36:24","guid":{"rendered":"http:\/\/www.ilheusnoticias.net.br\/v1\/?p=5624"},"modified":"2017-04-18T16:36:24","modified_gmt":"2017-04-18T19:36:24","slug":"%e2%80%8binema-recebe-melhorias-apos-indicacao-de-lukas-paiva","status":"publish","type":"post","link":"https:\/\/www.ilheusnoticias.net.br\/v1\/2017\/04\/18\/%e2%80%8binema-recebe-melhorias-apos-indicacao-de-lukas-paiva\/","title":{"rendered":"\u200bInema recebe melhorias ap\u00f3s indica\u00e7\u00e3o de Lukas Paiva"},"content":{"rendered":"<p><a href=\"http:\/\/www.ilheusnoticias.net.br\/v1\/wp-content\/uploads\/2017\/04\/wp-1492544166023.jpg\"><img loading=\"lazy\" width=\"510\" height=\"306\" alt=\"\" src=\"http:\/\/www.ilheusnoticias.net.br\/v1\/wp-content\/uploads\/2017\/04\/wp-1492544166023.jpg\" title=\"\" class=\"aligncenter size-full wp-image-5623\" srcset=\"https:\/\/www.ilheusnoticias.net.br\/v1\/wp-content\/uploads\/2017\/04\/wp-1492544166023.jpg 640w, https:\/\/www.ilheusnoticias.net.br\/v1\/wp-content\/uploads\/2017\/04\/wp-1492544166023-300x180.jpg 300w\" sizes=\"(max-width: 510px) 100vw, 510px\" \/><\/a><br \/>\nAp\u00f3s indica\u00e7\u00e3o do presidente do Legislativo de Ilh\u00e9us, Lukas Paiva, feita ao prefeito M\u00e1rio Alexandre, o distrito de Inema, localizado a 90 km de Ilh\u00e9us, recebeu troca de l\u00e2mpadas, ro\u00e7agem e limpeza das vias; atrav\u00e9s da Secretaria de Interior.&nbsp;<\/p>\n<p>O apelo ao executivo municipal, pedindo uma aten\u00e7\u00e3o ao distrito de Inema foi feito pelo vereador em mar\u00e7o. De acordo com o presidente da casa, Inema \u00e9 uma localidade esquecida pelos gestores. A comunidade tem sofrido com a falta de energia el\u00e9trica e de recolhimento de lixo.<\/p>\n<p>Para Lukas, \u201dAs pessoas que moram em Inema merecem todo respeito, sou a favor do governo, mas meu dever \u00e9 cobrar melhorias para todos os cidad\u00e3os de Ilh\u00e9us\u201d. Ainda de acordo com Lukas Paiva, o trabalhado do vereador \u00e9 cobrar do executivo para que as a\u00e7\u00f5es sejam realizadas na cidade.<\/p>\n<p>Na sess\u00e3o desta ter\u00e7a-feira (18) na C\u00e2mara de Vereadores de Ilh\u00e9us, Lukas Paiva apresenta um requerimento para o prefeito solicitando uma parceria entre o governo do Estado e prefeitura para realizar uma melhoria nos 27 km de estrada que ligam Uni\u00e3o Queimada a Inema.&nbsp;<\/p>\n","protected":false},"excerpt":{"rendered":"<p>Ap\u00f3s indica\u00e7\u00e3o do presidente do Legislativo de Ilh\u00e9us, Lukas Paiva, feita ao prefeito M\u00e1rio Alexandre, o distrito de Inema, localizado a 90 km de Ilh\u00e9us, recebeu troca de l\u00e2mpadas, ro\u00e7agem e limpeza das vias; atrav\u00e9s da Secretaria de Interior.&nbsp; O apelo ao executivo municipal, pedindo uma aten\u00e7\u00e3o ao distrito de Inema foi feito pelo vereador [&hellip;]<\/p>\n","protected":false},"author":2,"featured_media":0,"comment_status":"open","ping_status":"open","sticky":false,"template":"","format":"standard","meta":{"_links_to":"","_links_to_target":""},"categories":[1],"tags":[],"_links":{"self":[{"href":"https:\/\/www.ilheusnoticias.net.br\/v1\/wp-json\/wp\/v2\/posts\/5624"}],"collection":[{"href":"https:\/\/www.ilheusnoticias.net.br\/v1\/wp-json\/wp\/v2\/posts"}],"about":[{"href":"https:\/\/www.ilheusnoticias.net.br\/v1\/wp-json\/wp\/v2\/types\/post"}],"author":[{"embeddable":true,"href":"https:\/\/www.ilheusnoticias.net.br\/v1\/wp-json\/wp\/v2\/users\/2"}],"replies":[{"embeddable":true,"href":"https:\/\/www.ilheusnoticias.net.br\/v1\/wp-json\/wp\/v2\/comments?post=5624"}],"version-history":[{"count":1,"href":"https:\/\/www.ilheusnoticias.net.br\/v1\/wp-json\/wp\/v2\/posts\/5624\/revisions"}],"predecessor-version":[{"id":5625,"href":"https:\/\/www.ilheusnoticias.net.br\/v1\/wp-json\/wp\/v2\/posts\/5624\/revisions\/5625"}],"wp:attachment":[{"href":"https:\/\/www.ilheusnoticias.net.br\/v1\/wp-json\/wp\/v2\/media?parent=5624"}],"wp:term":[{"taxonomy":"category","embeddable":true,"href":"https:\/\/www.ilheusnoticias.net.br\/v1\/wp-json\/wp\/v2\/categories?post=5624"},{"taxonomy":"post_tag","embeddable":true,"href":"https:\/\/www.ilheusnoticias.net.br\/v1\/wp-json\/wp\/v2\/tags?post=5624"}],"curies":[{"name":"wp","href":"https:\/\/api.w.org\/{rel}","templated":true}]}}