{"id":5445,"date":"2017-04-11T08:53:36","date_gmt":"2017-04-11T11:53:36","guid":{"rendered":"http:\/\/www.ilheusnoticias.net.br\/v1\/?p=5445"},"modified":"2017-04-11T08:53:36","modified_gmt":"2017-04-11T11:53:36","slug":"fiscalizacao-demoliu-obra-irregular-em-praia-da-zona-sul-de-ilheus","status":"publish","type":"post","link":"https:\/\/www.ilheusnoticias.net.br\/v1\/2017\/04\/11\/fiscalizacao-demoliu-obra-irregular-em-praia-da-zona-sul-de-ilheus\/","title":{"rendered":"Fiscaliza\u00e7\u00e3o demoliu obra irregular em praia da zona sul de Ilh\u00e9us"},"content":{"rendered":"<p><a href=\"http:\/\/www.ilheusnoticias.net.br\/v1\/wp-content\/uploads\/2017\/04\/wp-1491911592293.jpg\"><img loading=\"lazy\" width=\"440\" height=\"247\" alt=\"\" src=\"http:\/\/www.ilheusnoticias.net.br\/v1\/wp-content\/uploads\/2017\/04\/wp-1491911592293.jpg\" title=\"\" class=\"aligncenter size-full wp-image-5444\" srcset=\"https:\/\/www.ilheusnoticias.net.br\/v1\/wp-content\/uploads\/2017\/04\/wp-1491911592293.jpg 1280w, https:\/\/www.ilheusnoticias.net.br\/v1\/wp-content\/uploads\/2017\/04\/wp-1491911592293-300x169.jpg 300w, https:\/\/www.ilheusnoticias.net.br\/v1\/wp-content\/uploads\/2017\/04\/wp-1491911592293-1024x576.jpg 1024w\" sizes=\"(max-width: 440px) 100vw, 440px\" \/><\/a><\/p>\n<p align=\"center\" style=\"color: rgb(0, 0, 0); font-family: sans-serif; font-size: medium; line-height: normal; text-align: center; margin-right: 0px; margin-bottom: 7.5pt; margin-left: 0px;\">\n<p align=\"justify\" style=\"color: rgb(0, 0, 0); font-family: sans-serif; font-size: medium; line-height: normal; margin-right: 0px; margin-bottom: 7.5pt; margin-left: 0px;\">\n<p align=\"justify\" style=\"color: rgb(0, 0, 0); font-family: sans-serif; font-size: medium; line-height: normal; margin-right: 0px; margin-bottom: 7.5pt; margin-left: 0px;\"><font face=\"verdana,sans-serif\" size=\"4\" color=\"#242424\">Atendendo a recomenda\u00e7\u00e3o do Minist\u00e9rio P\u00fablico do Estado da Bahia, o servi\u00e7o de fiscaliza\u00e7\u00e3o integrada da Prefeitura de Ilh\u00e9us demoliu, ap\u00f3s a devida notifica\u00e7\u00e3o, a plataforma de madeira que estava sendo constru\u00edda irregularmente ao lado de um cont\u00eainer, instalado na Praia do Sul, no trecho conhecido como Pedra da Cachorra, pr\u00f3ximo ao condom\u00ednio Jardim Atl\u00e2ntico I.<\/font><\/p>\n<p align=\"justify\" style=\"color: rgb(0, 0, 0); font-family: sans-serif; font-size: medium; line-height: normal; margin-right: 0px; margin-bottom: 7.5pt; margin-left: 0px;\"><font face=\"verdana,sans-serif\" size=\"4\" color=\"#242424\">&nbsp;<\/font><\/p>\n<p align=\"justify\" style=\"color: rgb(0, 0, 0); font-family: sans-serif; font-size: medium; line-height: normal; margin-right: 0px; margin-bottom: 7.5pt; margin-left: 0px;\"><font face=\"verdana,sans-serif\" size=\"4\" color=\"#242424\">A a\u00e7\u00e3o realizada na manh\u00e3 da sexta-feira, 6, foi empreendida pela fiscaliza\u00e7\u00e3o de posturas subordinada \u00e0 Secretaria de Planejamento e Desenvolvimento Sustent\u00e1vel (Seplandes). A retirada do cont\u00eainer dever\u00e1 ser feita nos pr\u00f3ximos dias.<\/font><\/p>\n<p align=\"justify\" style=\"color: rgb(0, 0, 0); font-family: sans-serif; font-size: medium; line-height: normal; margin-top: 14pt; margin-bottom: 14pt;\"><font face=\"verdana,sans-serif\" size=\"4\" color=\"#242424\"><br \/>\nO procedimento faz parte de a\u00e7\u00f5es realizadas ao longo da Praia do Sul, conforme den\u00fancias realizadas pela popula\u00e7\u00e3o ou por interm\u00e9dio de institui\u00e7\u00f5es p\u00fablicas. No \u00faltimo m\u00eas de fevereiro, a fiscaliza\u00e7\u00e3o&nbsp;<\/font><font face=\"verdana,sans-serif\" size=\"4\" color=\"#242424\">removeu outra estrutura irregular na Praia do Sul, que n\u00e3o obedecia ao m\u00ednimo padr\u00e3o em termos de instala\u00e7\u00f5es e servi\u00e7os exigido para o com\u00e9rcio no local.&nbsp;<\/font><\/p>\n<p align=\"justify\" style=\"color: rgb(0, 0, 0); font-family: sans-serif; font-size: medium; line-height: normal; margin-top: 14pt; margin-bottom: 14pt;\"><font face=\"verdana,sans-serif\" size=\"4\" color=\"#242424\"><br \/>\n<\/font><\/p>\n<p align=\"justify\" style=\"color: rgb(0, 0, 0); font-family: sans-serif; font-size: medium; line-height: normal; margin-right: 0px; margin-bottom: 7.5pt; margin-left: 0px;\"><font face=\"verdana,sans-serif\" size=\"4\" color=\"#242424\"><b>Tapume&nbsp;<\/b><\/font><font face=\"verdana,sans-serif\" size=\"4\" color=\"#242424\">\u2013 Outra medida executada pelo Servi\u00e7o de Fiscaliza\u00e7\u00e3o Integrada do Munic\u00edpio foi a retirada de um tapume irregular instalado em frente a uma obra localizada na Avenida Itabuna, no bairro da Conquista. Nesse caso, a Fiscaliza\u00e7\u00e3o cumpriu a a\u00e7\u00e3o com base em parecer t\u00e9cnico emitido pela Procuradoria Geral do Munic\u00edpio de Ilh\u00e9us.<\/font><\/p>\n","protected":false},"excerpt":{"rendered":"<p>Atendendo a recomenda\u00e7\u00e3o do Minist\u00e9rio P\u00fablico do Estado da Bahia, o servi\u00e7o de fiscaliza\u00e7\u00e3o integrada da Prefeitura de Ilh\u00e9us demoliu, ap\u00f3s a devida notifica\u00e7\u00e3o, a plataforma de madeira que estava sendo constru\u00edda irregularmente ao lado de um cont\u00eainer, instalado na Praia do Sul, no trecho conhecido como Pedra da Cachorra, pr\u00f3ximo ao condom\u00ednio Jardim Atl\u00e2ntico [&hellip;]<\/p>\n","protected":false},"author":2,"featured_media":0,"comment_status":"open","ping_status":"open","sticky":false,"template":"","format":"standard","meta":{"_links_to":"","_links_to_target":""},"categories":[1],"tags":[],"_links":{"self":[{"href":"https:\/\/www.ilheusnoticias.net.br\/v1\/wp-json\/wp\/v2\/posts\/5445"}],"collection":[{"href":"https:\/\/www.ilheusnoticias.net.br\/v1\/wp-json\/wp\/v2\/posts"}],"about":[{"href":"https:\/\/www.ilheusnoticias.net.br\/v1\/wp-json\/wp\/v2\/types\/post"}],"author":[{"embeddable":true,"href":"https:\/\/www.ilheusnoticias.net.br\/v1\/wp-json\/wp\/v2\/users\/2"}],"replies":[{"embeddable":true,"href":"https:\/\/www.ilheusnoticias.net.br\/v1\/wp-json\/wp\/v2\/comments?post=5445"}],"version-history":[{"count":1,"href":"https:\/\/www.ilheusnoticias.net.br\/v1\/wp-json\/wp\/v2\/posts\/5445\/revisions"}],"predecessor-version":[{"id":5446,"href":"https:\/\/www.ilheusnoticias.net.br\/v1\/wp-json\/wp\/v2\/posts\/5445\/revisions\/5446"}],"wp:attachment":[{"href":"https:\/\/www.ilheusnoticias.net.br\/v1\/wp-json\/wp\/v2\/media?parent=5445"}],"wp:term":[{"taxonomy":"category","embeddable":true,"href":"https:\/\/www.ilheusnoticias.net.br\/v1\/wp-json\/wp\/v2\/categories?post=5445"},{"taxonomy":"post_tag","embeddable":true,"href":"https:\/\/www.ilheusnoticias.net.br\/v1\/wp-json\/wp\/v2\/tags?post=5445"}],"curies":[{"name":"wp","href":"https:\/\/api.w.org\/{rel}","templated":true}]}}