{"id":5249,"date":"2017-03-31T09:15:46","date_gmt":"2017-03-31T12:15:46","guid":{"rendered":"http:\/\/www.ilheusnoticias.net.br\/v1\/?p=5249"},"modified":"2017-03-31T09:15:46","modified_gmt":"2017-03-31T12:15:46","slug":"ilheus-homem-morre-apos-troca-de-tiros-com-a-policia-em-carobeira","status":"publish","type":"post","link":"https:\/\/www.ilheusnoticias.net.br\/v1\/2017\/03\/31\/ilheus-homem-morre-apos-troca-de-tiros-com-a-policia-em-carobeira\/","title":{"rendered":"Ilh\u00e9us: Homem morre ap\u00f3s troca de tiros com a pol\u00edcia em Carobeira"},"content":{"rendered":"<h2 class=\"PostHeaderIcon-wrapper\"><\/h2>\n<div class=\"PostContent\">\n<p><img loading=\"lazy\" class=\"aligncenter wp-image-59972\" src=\"http:\/\/www.agravo.blog.br\/wp-content\/uploads\/2017\/03\/arm.jpg\" sizes=\"(max-width: 352px) 100vw, 352px\" srcset=\"http:\/\/www.agravo.blog.br\/wp-content\/uploads\/2017\/03\/arm.jpg 400w, http:\/\/www.agravo.blog.br\/wp-content\/uploads\/2017\/03\/arm-300x225.jpg 300w\" alt=\"\" width=\"352\" height=\"264\" \/><\/p>\n<p>Homens da Rotam, da 70\u00aa CIPM, se deslocaram at\u00e9 o distrito de Carobeira, zona rural de Ilh\u00e9us, a fim de cumprir um mandado de pris\u00e3o, contra Paulo S\u00e9rgio Souza de Ara\u00fajo, vulgo Careca.<\/p>\n<p>No momento em que os policiais se aproximaram da resid\u00eancia onde o meliante se encontrava, foram recebidos \u00e0 tiros. Ao revidarem, Careca acabou sendo alvejado. Ele foi socorrido e levado ao hospital geral Lu\u00eds Viana Filho, mas n\u00e3o resistiu aos ferimentos, e morreu.<\/p>\n<\/div>\n<p><!--more--><\/p>\n<div class=\"PostContent\">\n<p>Em posse de Careca a pol\u00edcia encontrou um rev\u00f3lver calibre 38, marca Taurus, com numera\u00e7\u00e3o suprimida, com quatro cartuchos deflagrados e um intacto, al\u00e9m de certa quantidade de drogas n\u00e3o especificada pela pol\u00edcia.<\/p>\n<p>Blog Agravo<\/p>\n<\/div>\n","protected":false},"excerpt":{"rendered":"<p>Homens da Rotam, da 70\u00aa CIPM, se deslocaram at\u00e9 o distrito de Carobeira, zona rural de Ilh\u00e9us, a fim de cumprir um mandado de pris\u00e3o, contra Paulo S\u00e9rgio Souza de Ara\u00fajo, vulgo Careca. No momento em que os policiais se aproximaram da resid\u00eancia onde o meliante se encontrava, foram recebidos \u00e0 tiros. Ao revidarem, Careca [&hellip;]<\/p>\n","protected":false},"author":2,"featured_media":0,"comment_status":"open","ping_status":"open","sticky":false,"template":"","format":"standard","meta":{"_links_to":"","_links_to_target":""},"categories":[7,5],"tags":[],"_links":{"self":[{"href":"https:\/\/www.ilheusnoticias.net.br\/v1\/wp-json\/wp\/v2\/posts\/5249"}],"collection":[{"href":"https:\/\/www.ilheusnoticias.net.br\/v1\/wp-json\/wp\/v2\/posts"}],"about":[{"href":"https:\/\/www.ilheusnoticias.net.br\/v1\/wp-json\/wp\/v2\/types\/post"}],"author":[{"embeddable":true,"href":"https:\/\/www.ilheusnoticias.net.br\/v1\/wp-json\/wp\/v2\/users\/2"}],"replies":[{"embeddable":true,"href":"https:\/\/www.ilheusnoticias.net.br\/v1\/wp-json\/wp\/v2\/comments?post=5249"}],"version-history":[{"count":1,"href":"https:\/\/www.ilheusnoticias.net.br\/v1\/wp-json\/wp\/v2\/posts\/5249\/revisions"}],"predecessor-version":[{"id":5250,"href":"https:\/\/www.ilheusnoticias.net.br\/v1\/wp-json\/wp\/v2\/posts\/5249\/revisions\/5250"}],"wp:attachment":[{"href":"https:\/\/www.ilheusnoticias.net.br\/v1\/wp-json\/wp\/v2\/media?parent=5249"}],"wp:term":[{"taxonomy":"category","embeddable":true,"href":"https:\/\/www.ilheusnoticias.net.br\/v1\/wp-json\/wp\/v2\/categories?post=5249"},{"taxonomy":"post_tag","embeddable":true,"href":"https:\/\/www.ilheusnoticias.net.br\/v1\/wp-json\/wp\/v2\/tags?post=5249"}],"curies":[{"name":"wp","href":"https:\/\/api.w.org\/{rel}","templated":true}]}}