{"id":5247,"date":"2017-03-31T09:13:46","date_gmt":"2017-03-31T12:13:46","guid":{"rendered":"http:\/\/www.ilheusnoticias.net.br\/v1\/?p=5247"},"modified":"2017-03-31T09:13:46","modified_gmt":"2017-03-31T12:13:46","slug":"itacare-lanca-campanha-nacional-para-atrair-turistas","status":"publish","type":"post","link":"https:\/\/www.ilheusnoticias.net.br\/v1\/2017\/03\/31\/itacare-lanca-campanha-nacional-para-atrair-turistas\/","title":{"rendered":"Itacar\u00e9 lan\u00e7a campanha nacional para atrair turistas"},"content":{"rendered":"<p>Itacar\u00e9 \u2013 um destino completo\u201d \u00e9 o nome da campanha que lan\u00e7ada na WTM<\/p>\n<p>Latin America &amp; Encontro Comercial Braztoa. O evento, um dos principais da<\/p>\n<p>Am\u00e9rica Latina, acontece entre os dias 4 a 6 de abril, no Expo Center Norte,<\/p>\n<p>em S\u00e3o Paulo. A Secretaria Municipal de Turismo ir\u00e1 apresentar para os<\/p>\n<p>operadores de turismo nacional e internacional, as estrat\u00e9gias para atra\u00e7\u00e3o<\/p>\n<p>de novos turistas no munic\u00edpio. A 4\u00aa edi\u00e7\u00e3o do Festival Gastron\u00f4mico Sabores<\/p>\n<p>de Itacar\u00e9, que ser\u00e1 realizado de 13 a 23 de julho, \u00e9 uma das a\u00e7\u00f5es previstas.<\/p>\n<p>Segundo o prefeito de Itacar\u00e9, Ant\u00f4nio de An\u00edzio, a participa\u00e7\u00e3o do munic\u00edpio<\/p>\n<p>no evento dar\u00e1 in\u00edcio a um novo ciclo de divulga\u00e7\u00e3o tur\u00edstica da cidade. \u201cO<\/p>\n<p>Objetivo \u00e9 termos um posicionamento melhor do destino no mercado nacional<\/p>\n<p>e internacional. H\u00e1 muitos anos n\u00e3o participamos de grandes feiras. Estamos<\/p>\n<p>retornando com toda for\u00e7a para conquistar o nosso p\u00fablico alvo no Brasil e<\/p>\n<p>no exterior\u201d, explica.<\/p>\n<p>&nbsp;<\/p>\n<p><!--more--><\/p>\n<p>\u201cA campanha n\u00e3o vai atingir somente o turista e sim investidores, vamos<\/p>\n<p>divulgar um novo olhar para o turismo de Itacar\u00e9. Temos uma diversidade que<\/p>\n<p>vai al\u00e9m de sol e praia. Um leque de op\u00e7\u00f5es, como o turismo de aventura, o<\/p>\n<p>ecoturismo, agroturismo, esportivo, gastron\u00f4mico, al\u00e9m da badalada vida<\/p>\n<p>noturna que a cidade oferece\u201d, afirma J\u00falio Oliveira, secret\u00e1rio de Turismo de<\/p>\n<p>Itacar\u00e9.<\/p>\n<p>Mais de 700 expositores de 50 pa\u00edses participam do WTM Latin America &amp;<\/p>\n<p>Encontro Comercial Braztoa. O evento acontece durante os tr\u00eas dias, com a<\/p>\n<p>proposta de promover a Am\u00e9rica Latina para o mundo e trazer o mundo para<\/p>\n<p>a Am\u00e9rica Latina, criando oportunidades pessoais e de neg\u00f3cios. A delega\u00e7\u00e3o<\/p>\n<p>de Itacar\u00e9 \u00e9 composta pelo secret\u00e1rio de Turismo, J\u00falio Oliveira, da diretora<\/p>\n<p>de Promo\u00e7\u00f5es Tur\u00edsticas, Patr\u00edcia Veras e da empres\u00e1ria Marly Brito.<\/p>\n","protected":false},"excerpt":{"rendered":"<p>Itacar\u00e9 \u2013 um destino completo\u201d \u00e9 o nome da campanha que lan\u00e7ada na WTM Latin America &amp; Encontro Comercial Braztoa. O evento, um dos principais da Am\u00e9rica Latina, acontece entre os dias 4 a 6 de abril, no Expo Center Norte, em S\u00e3o Paulo. A Secretaria Municipal de Turismo ir\u00e1 apresentar para os operadores de [&hellip;]<\/p>\n","protected":false},"author":2,"featured_media":0,"comment_status":"open","ping_status":"open","sticky":false,"template":"","format":"standard","meta":{"_links_to":"","_links_to_target":""},"categories":[7],"tags":[],"_links":{"self":[{"href":"https:\/\/www.ilheusnoticias.net.br\/v1\/wp-json\/wp\/v2\/posts\/5247"}],"collection":[{"href":"https:\/\/www.ilheusnoticias.net.br\/v1\/wp-json\/wp\/v2\/posts"}],"about":[{"href":"https:\/\/www.ilheusnoticias.net.br\/v1\/wp-json\/wp\/v2\/types\/post"}],"author":[{"embeddable":true,"href":"https:\/\/www.ilheusnoticias.net.br\/v1\/wp-json\/wp\/v2\/users\/2"}],"replies":[{"embeddable":true,"href":"https:\/\/www.ilheusnoticias.net.br\/v1\/wp-json\/wp\/v2\/comments?post=5247"}],"version-history":[{"count":1,"href":"https:\/\/www.ilheusnoticias.net.br\/v1\/wp-json\/wp\/v2\/posts\/5247\/revisions"}],"predecessor-version":[{"id":5248,"href":"https:\/\/www.ilheusnoticias.net.br\/v1\/wp-json\/wp\/v2\/posts\/5247\/revisions\/5248"}],"wp:attachment":[{"href":"https:\/\/www.ilheusnoticias.net.br\/v1\/wp-json\/wp\/v2\/media?parent=5247"}],"wp:term":[{"taxonomy":"category","embeddable":true,"href":"https:\/\/www.ilheusnoticias.net.br\/v1\/wp-json\/wp\/v2\/categories?post=5247"},{"taxonomy":"post_tag","embeddable":true,"href":"https:\/\/www.ilheusnoticias.net.br\/v1\/wp-json\/wp\/v2\/tags?post=5247"}],"curies":[{"name":"wp","href":"https:\/\/api.w.org\/{rel}","templated":true}]}}