{"id":5240,"date":"2017-03-30T18:50:41","date_gmt":"2017-03-30T21:50:41","guid":{"rendered":"http:\/\/www.ilheusnoticias.net.br\/v1\/?p=5240"},"modified":"2017-03-30T18:50:41","modified_gmt":"2017-03-30T21:50:41","slug":"enochjamil-e-kacio-tem-prisao-preventiva-decretada-pela-justica","status":"publish","type":"post","link":"https:\/\/www.ilheusnoticias.net.br\/v1\/2017\/03\/30\/enochjamil-e-kacio-tem-prisao-preventiva-decretada-pela-justica\/","title":{"rendered":"Enoch,Jamil e K\u00e1cio tem Pris\u00e3o Preventiva Decretada pela Justi\u00e7a\u00a0"},"content":{"rendered":"<p><span style=\"color: rgb(51, 51, 51); font-family: 'Noto Serif', serif; font-size: 15px; text-align: justify; background-color: rgb(255, 255, 255);\">No final da tarde desta quinta-feira (30) a Justi\u00e7a decretou a pris\u00e3o preventiva de tr\u00eas presos na opera\u00e7\u00e3o Citrus. Continuar\u00e3o presos o vereador Jamil Ock\u00e9, o empres\u00e1rio Enoch Andrade e o ex \u2013 secret\u00e1rio K\u00e1cio Brand\u00e3o.<\/span><\/p>\n<p style=\"box-sizing: inherit; border: 0px; font-family: 'Noto Serif', serif; font-size: 15px; margin-right: 0px; margin-bottom: 1.6em; margin-left: 0px; padding: 0px; vertical-align: baseline; color: rgb(51, 51, 51); text-align: justify; background-color: rgb(255, 255, 255);\">Mais cedo divulgamos&nbsp;que existia uma grande probabilidade de a pris\u00e3o preventiva ser decretada para os tr\u00eas. &nbsp;Segundo informa\u00e7\u00f5es, Thayane Santos Lopes, esposa de empres\u00e1rio Enoch, foi liberada no final da tarde do pres\u00eddio de Itabuna.<\/p>\n<p style=\"box-sizing: inherit; border: 0px; font-family: 'Noto Serif', serif; font-size: 15px; margin-right: 0px; margin-bottom: 1.6em; margin-left: 0px; padding: 0px; vertical-align: baseline; color: rgb(51, 51, 51); text-align: justify; background-color: rgb(255, 255, 255);\">H\u00e1 a informa\u00e7\u00e3o de que Wellington Andrade, preso na opera\u00e7\u00e3o, tamb\u00e9m teve o alvar\u00e1 de soltura expedido, mas at\u00e9 agora n\u00e3o foi confirmada oficialmente.<\/p>\n<p style=\"box-sizing: inherit; border: 0px; font-family: 'Noto Serif', serif; font-size: 15px; margin-right: 0px; margin-bottom: 1.6em; margin-left: 0px; padding: 0px; vertical-align: baseline; color: rgb(51, 51, 51); text-align: justify; background-color: rgb(255, 255, 255);\">Informa\u00e7\u00f5es Blog Agravo&nbsp;<\/p>\n","protected":false},"excerpt":{"rendered":"<p>No final da tarde desta quinta-feira (30) a Justi\u00e7a decretou a pris\u00e3o preventiva de tr\u00eas presos na opera\u00e7\u00e3o Citrus. Continuar\u00e3o presos o vereador Jamil Ock\u00e9, o empres\u00e1rio Enoch Andrade e o ex \u2013 secret\u00e1rio K\u00e1cio Brand\u00e3o. Mais cedo divulgamos&nbsp;que existia uma grande probabilidade de a pris\u00e3o preventiva ser decretada para os tr\u00eas. &nbsp;Segundo informa\u00e7\u00f5es, Thayane [&hellip;]<\/p>\n","protected":false},"author":2,"featured_media":0,"comment_status":"open","ping_status":"open","sticky":false,"template":"","format":"standard","meta":{"_links_to":"","_links_to_target":""},"categories":[1],"tags":[],"_links":{"self":[{"href":"https:\/\/www.ilheusnoticias.net.br\/v1\/wp-json\/wp\/v2\/posts\/5240"}],"collection":[{"href":"https:\/\/www.ilheusnoticias.net.br\/v1\/wp-json\/wp\/v2\/posts"}],"about":[{"href":"https:\/\/www.ilheusnoticias.net.br\/v1\/wp-json\/wp\/v2\/types\/post"}],"author":[{"embeddable":true,"href":"https:\/\/www.ilheusnoticias.net.br\/v1\/wp-json\/wp\/v2\/users\/2"}],"replies":[{"embeddable":true,"href":"https:\/\/www.ilheusnoticias.net.br\/v1\/wp-json\/wp\/v2\/comments?post=5240"}],"version-history":[{"count":1,"href":"https:\/\/www.ilheusnoticias.net.br\/v1\/wp-json\/wp\/v2\/posts\/5240\/revisions"}],"predecessor-version":[{"id":5241,"href":"https:\/\/www.ilheusnoticias.net.br\/v1\/wp-json\/wp\/v2\/posts\/5240\/revisions\/5241"}],"wp:attachment":[{"href":"https:\/\/www.ilheusnoticias.net.br\/v1\/wp-json\/wp\/v2\/media?parent=5240"}],"wp:term":[{"taxonomy":"category","embeddable":true,"href":"https:\/\/www.ilheusnoticias.net.br\/v1\/wp-json\/wp\/v2\/categories?post=5240"},{"taxonomy":"post_tag","embeddable":true,"href":"https:\/\/www.ilheusnoticias.net.br\/v1\/wp-json\/wp\/v2\/tags?post=5240"}],"curies":[{"name":"wp","href":"https:\/\/api.w.org\/{rel}","templated":true}]}}