{"id":52,"date":"2016-03-10T10:35:46","date_gmt":"2016-03-10T13:35:46","guid":{"rendered":"http:\/\/www.ilheusnoticias.net.br\/v1\/?p=52"},"modified":"2016-03-10T10:35:46","modified_gmt":"2016-03-10T13:35:46","slug":"6-municipios-tera-reducao-de-abastecimento-de-agua-afirma-embasa","status":"publish","type":"post","link":"https:\/\/www.ilheusnoticias.net.br\/v1\/2016\/03\/10\/6-municipios-tera-reducao-de-abastecimento-de-agua-afirma-embasa\/","title":{"rendered":"6 Munic\u00edpios ter\u00e1 redu\u00e7\u00e3o de abastecimento de \u00e1gua, afirma EMBASA"},"content":{"rendered":"<p>A Embasa restringiu, preventivamente, a oferta de \u00e1gua em Coaraci, Itacar\u00e9, Mascote, Uru\u00e7uca, Camac\u00e3 e Almadina para garantir a continuidade do abastecimento de \u00e1gua nessas cidades do sul do estado.<\/p>\n<p>O motivo, segundo o gerente regional de Itabuna, Danilo Hugo Gomes Santos, \u00e9 a diminui\u00e7\u00e3o do n\u00edvel das barragens ou dos rios onde a empresa capta \u00e1gua para tratamento e distribui\u00e7\u00e3o, devido \u00e0 falta de chuvas nos \u00faltimos meses.<\/p>\n<p>Em Itacar\u00e9 o rio Ribeira, principal manancial, secou e a capta\u00e7\u00e3o est\u00e1 sendo feita no rio Jeribucassu. O abastecimento \u00e9 feito por manobras na rede distribuidora. Para fornecer \u00e1gua em uma \u00e1rea, \u00e9 preciso deixar outra sem.<\/p>\n<p>Em Mascote, o fornecimento de \u00e1gua tamb\u00e9m \u00e9 por manobras, em dias alternados, desde fevereiro. J\u00e1 em Coaraci, o manancial da Serra da Palha esgotou e a capta\u00e7\u00e3o \u00e9 feita no rio Almada.<\/p>\n<p>Caso continue a estiagem, a Embasa far\u00e1 o refor\u00e7o do abastecimento por carros-pipa. Em Uru\u00e7uca, o rio Almada est\u00e1 com vaz\u00e3o reduzida e, por isso, o fornecimento acontece em dias alternados.<\/p>\n<p>Em Camac\u00e3 a barragem do rio Panel\u00e3o, o principal manancial do munic\u00edpio, est\u00e1 com o n\u00edvel baixo. E o do distrito de Panelinha secou. Panelinha est\u00e1 sendo abastecida com \u00e1gua levada da adutora a partir da sede municipal.<\/p>\n<p>Danilo informa que t\u00e9cnicos da Embasa est\u00e3o monitorando diariamente os mananciais de outros sistemas operados pela Unidade Regional de Itabuna, pois eles est\u00e3o com n\u00edveis cr\u00edticos por causa da estiagem prolongada.<\/p>\n<p>Info Blog Agravo<\/p>\n","protected":false},"excerpt":{"rendered":"<p>A Embasa restringiu, preventivamente, a oferta de \u00e1gua em Coaraci, Itacar\u00e9, Mascote, Uru\u00e7uca, Camac\u00e3 e Almadina para garantir a continuidade do abastecimento de \u00e1gua nessas cidades do sul do estado. O motivo, segundo o gerente regional de Itabuna, Danilo Hugo Gomes Santos, \u00e9 a diminui\u00e7\u00e3o do n\u00edvel das barragens ou dos rios onde a empresa [&hellip;]<\/p>\n","protected":false},"author":2,"featured_media":0,"comment_status":"open","ping_status":"open","sticky":false,"template":"","format":"standard","meta":{"_links_to":"","_links_to_target":""},"categories":[7,1],"tags":[],"_links":{"self":[{"href":"https:\/\/www.ilheusnoticias.net.br\/v1\/wp-json\/wp\/v2\/posts\/52"}],"collection":[{"href":"https:\/\/www.ilheusnoticias.net.br\/v1\/wp-json\/wp\/v2\/posts"}],"about":[{"href":"https:\/\/www.ilheusnoticias.net.br\/v1\/wp-json\/wp\/v2\/types\/post"}],"author":[{"embeddable":true,"href":"https:\/\/www.ilheusnoticias.net.br\/v1\/wp-json\/wp\/v2\/users\/2"}],"replies":[{"embeddable":true,"href":"https:\/\/www.ilheusnoticias.net.br\/v1\/wp-json\/wp\/v2\/comments?post=52"}],"version-history":[{"count":1,"href":"https:\/\/www.ilheusnoticias.net.br\/v1\/wp-json\/wp\/v2\/posts\/52\/revisions"}],"predecessor-version":[{"id":53,"href":"https:\/\/www.ilheusnoticias.net.br\/v1\/wp-json\/wp\/v2\/posts\/52\/revisions\/53"}],"wp:attachment":[{"href":"https:\/\/www.ilheusnoticias.net.br\/v1\/wp-json\/wp\/v2\/media?parent=52"}],"wp:term":[{"taxonomy":"category","embeddable":true,"href":"https:\/\/www.ilheusnoticias.net.br\/v1\/wp-json\/wp\/v2\/categories?post=52"},{"taxonomy":"post_tag","embeddable":true,"href":"https:\/\/www.ilheusnoticias.net.br\/v1\/wp-json\/wp\/v2\/tags?post=52"}],"curies":[{"name":"wp","href":"https:\/\/api.w.org\/{rel}","templated":true}]}}