{"id":5164,"date":"2017-03-28T13:38:04","date_gmt":"2017-03-28T16:38:04","guid":{"rendered":"http:\/\/www.ilheusnoticias.net.br\/v1\/?p=5164"},"modified":"2017-03-28T13:38:04","modified_gmt":"2017-03-28T16:38:04","slug":"secretaria-de-agricultura-de-ibicarai-e-setaf-vao-emitir-dap-para-agricultores-rurais-nesta-sexta-feira","status":"publish","type":"post","link":"https:\/\/www.ilheusnoticias.net.br\/v1\/2017\/03\/28\/secretaria-de-agricultura-de-ibicarai-e-setaf-vao-emitir-dap-para-agricultores-rurais-nesta-sexta-feira\/","title":{"rendered":"Secretaria de Agricultura de Ibicara\u00ed e SETAF v\u00e3o emitir DAP para agricultores rurais, nesta sexta-feira\u00a0"},"content":{"rendered":"<p><a href=\"http:\/\/www.ilheusnoticias.net.br\/v1\/wp-content\/uploads\/2017\/03\/wp-1490719035119.jpg\"><img loading=\"lazy\" width=\"500\" height=\"350\" alt=\"\" src=\"http:\/\/www.ilheusnoticias.net.br\/v1\/wp-content\/uploads\/2017\/03\/wp-1490719035119.jpg\" title=\"\" class=\"aligncenter size-full wp-image-5163\" srcset=\"https:\/\/www.ilheusnoticias.net.br\/v1\/wp-content\/uploads\/2017\/03\/wp-1490719035119.jpg 1500w, https:\/\/www.ilheusnoticias.net.br\/v1\/wp-content\/uploads\/2017\/03\/wp-1490719035119-300x210.jpg 300w, https:\/\/www.ilheusnoticias.net.br\/v1\/wp-content\/uploads\/2017\/03\/wp-1490719035119-1024x718.jpg 1024w\" sizes=\"(max-width: 500px) 100vw, 500px\" \/><\/a><span style=\"font-size: 12pt; font-family: arial, sans-serif; color: rgb(0, 0, 0); line-height: normal;\">A prefeitura de Ibicara\u00ed, atrav\u00e9s da Secretaria Municipal de Agricultura, Desenvolvimento Econ\u00f4mico e Meio Ambiente, em parceria com o Servi\u00e7o Territorial de Apoio \u00e0 Agricultura Familiar &#8211; SETAF, vai realizar na pr\u00f3xima sexta-feira, 31, durante todo o dia, no pr\u00e9dio da C\u00e2mara de Vereadores, a emiss\u00e3o gratuita da DAP &#8211; Declara\u00e7\u00e3o de Aptid\u00e3o ao PRONAF &#8211; Programa Nacional de Fortalecimento da Agricultura Familiar. Os interessados precisam ter em m\u00e3os RG e CPF.<\/span><\/p>\n<p align=\"justify\" style=\"color: rgb(0, 0, 0); font-family: sans-serif; font-size: medium; line-height: normal; margin: 10pt 0px 0px;\"><font face=\"arial,sans-serif\" size=\"3\"><span style=\"font-size: 12pt;\">O DAP \u00e9 gratuito e pode ser obtido pelo agricultor ou agricultora familiar (pessoa f\u00edsica), associa\u00e7\u00f5es, cooperativas e agroind\u00fastrias (pessoa jur\u00eddica), e pode ser adquirida em entidades ou \u00f3rg\u00e3os p\u00fablicos autorizados pela Secretaria Especial de Agricultura Familiar e do Desenvolvimento Agr\u00e1rio &#8211; SEAD.<\/span><\/font><\/p>\n<p align=\"justify\" style=\"color: rgb(0, 0, 0); font-family: sans-serif; font-size: medium; line-height: normal; margin: 10pt 0px 0px;\"><font face=\"arial,sans-serif\" size=\"3\"><span style=\"font-size: 12pt;\">Segundo a secret\u00e1ria municipal de Agricultura, Telma El\u00edsia, t\u00e9cnicos da SETAF estar\u00e3o presentes na a\u00e7\u00e3o, auxiliando na emiss\u00e3o da DAP. &#8220;O prefeito Lula Brand\u00e3o pediu um relat\u00f3rio detalhado de toda a zona rural do munic\u00edpio e um diagn\u00f3stico dos problemas. Paralelo a isso, o prefeito me pediu que buscasse conv\u00eanios e servi\u00e7os para revitalizar o meio rural. A regulariza\u00e7\u00e3o fundi\u00e1ria, o licenciamento ambiental, o in\u00edcio do plano municipal de res\u00edduos s\u00f3lidos e a emiss\u00e3o de DAP s\u00e3o algumas das a\u00e7\u00f5es em andamento na atual gest\u00e3o&#8221;, disse a secret\u00e1ria Telma El\u00edsia.<\/span><\/font><\/p>\n<p align=\"justify\" style=\"color: rgb(0, 0, 0); font-family: sans-serif; font-size: medium; line-height: normal; margin-top: 14pt; margin-bottom: 0px;\"><font face=\"arial,sans-serif\" size=\"3\"><span style=\"font-size: 12pt;\">&nbsp;<\/span><\/font><\/p>\n","protected":false},"excerpt":{"rendered":"<p>A prefeitura de Ibicara\u00ed, atrav\u00e9s da Secretaria Municipal de Agricultura, Desenvolvimento Econ\u00f4mico e Meio Ambiente, em parceria com o Servi\u00e7o Territorial de Apoio \u00e0 Agricultura Familiar &#8211; SETAF, vai realizar na pr\u00f3xima sexta-feira, 31, durante todo o dia, no pr\u00e9dio da C\u00e2mara de Vereadores, a emiss\u00e3o gratuita da DAP &#8211; Declara\u00e7\u00e3o de Aptid\u00e3o ao PRONAF [&hellip;]<\/p>\n","protected":false},"author":2,"featured_media":0,"comment_status":"open","ping_status":"open","sticky":false,"template":"","format":"standard","meta":{"_links_to":"","_links_to_target":""},"categories":[1],"tags":[],"_links":{"self":[{"href":"https:\/\/www.ilheusnoticias.net.br\/v1\/wp-json\/wp\/v2\/posts\/5164"}],"collection":[{"href":"https:\/\/www.ilheusnoticias.net.br\/v1\/wp-json\/wp\/v2\/posts"}],"about":[{"href":"https:\/\/www.ilheusnoticias.net.br\/v1\/wp-json\/wp\/v2\/types\/post"}],"author":[{"embeddable":true,"href":"https:\/\/www.ilheusnoticias.net.br\/v1\/wp-json\/wp\/v2\/users\/2"}],"replies":[{"embeddable":true,"href":"https:\/\/www.ilheusnoticias.net.br\/v1\/wp-json\/wp\/v2\/comments?post=5164"}],"version-history":[{"count":1,"href":"https:\/\/www.ilheusnoticias.net.br\/v1\/wp-json\/wp\/v2\/posts\/5164\/revisions"}],"predecessor-version":[{"id":5165,"href":"https:\/\/www.ilheusnoticias.net.br\/v1\/wp-json\/wp\/v2\/posts\/5164\/revisions\/5165"}],"wp:attachment":[{"href":"https:\/\/www.ilheusnoticias.net.br\/v1\/wp-json\/wp\/v2\/media?parent=5164"}],"wp:term":[{"taxonomy":"category","embeddable":true,"href":"https:\/\/www.ilheusnoticias.net.br\/v1\/wp-json\/wp\/v2\/categories?post=5164"},{"taxonomy":"post_tag","embeddable":true,"href":"https:\/\/www.ilheusnoticias.net.br\/v1\/wp-json\/wp\/v2\/tags?post=5164"}],"curies":[{"name":"wp","href":"https:\/\/api.w.org\/{rel}","templated":true}]}}