{"id":5049,"date":"2017-03-23T10:08:52","date_gmt":"2017-03-23T13:08:52","guid":{"rendered":"http:\/\/www.ilheusnoticias.net.br\/v1\/?p=5049"},"modified":"2017-03-23T10:08:52","modified_gmt":"2017-03-23T13:08:52","slug":"prefeitura-de-ibicarai-da-inicio-as-atividades-do-cras","status":"publish","type":"post","link":"https:\/\/www.ilheusnoticias.net.br\/v1\/2017\/03\/23\/prefeitura-de-ibicarai-da-inicio-as-atividades-do-cras\/","title":{"rendered":"Prefeitura de Ibicara\u00ed d\u00e1 in\u00edcio \u00e0s atividades do Cras\u00a0 \u00a0 \u00a0 \u00a0\u00a0"},"content":{"rendered":"<p><a href=\"http:\/\/www.ilheusnoticias.net.br\/v1\/wp-content\/uploads\/2017\/03\/wp-1490274484509.jpg\"><img loading=\"lazy\" width=\"490\" height=\"367\" alt=\"\" src=\"http:\/\/www.ilheusnoticias.net.br\/v1\/wp-content\/uploads\/2017\/03\/wp-1490274484509.jpg\" title=\"\" class=\"aligncenter size-full wp-image-5048\" srcset=\"https:\/\/www.ilheusnoticias.net.br\/v1\/wp-content\/uploads\/2017\/03\/wp-1490274484509.jpg 2000w, https:\/\/www.ilheusnoticias.net.br\/v1\/wp-content\/uploads\/2017\/03\/wp-1490274484509-300x225.jpg 300w, https:\/\/www.ilheusnoticias.net.br\/v1\/wp-content\/uploads\/2017\/03\/wp-1490274484509-1024x768.jpg 1024w\" sizes=\"(max-width: 490px) 100vw, 490px\" \/><\/a><span style=\"font-size: 12pt; font-family: arial, sans-serif; color: rgb(0, 0, 0); line-height: normal;\">A Secretaria de Assist\u00eancia Social, atrav\u00e9s do Cras, deu in\u00edcio \u00e0s atividades do Centro, que \u00e9 localizado no Bairro Novo. Segundo a Coordenadora do Cras, Thaisy Paschoal, durante os meses de fevereiro e mar\u00e7o, mais de 100 benefici\u00e1rios do Programa Bolsa Fam\u00edlia se inscreveram para participar das oficinas. &nbsp; &nbsp; &nbsp; &nbsp; &nbsp; &nbsp; &nbsp; &nbsp; &nbsp; &nbsp; &nbsp;&nbsp;<\/span><\/p>\n<p align=\"justify\" style=\"color: rgb(0, 0, 0); font-family: sans-serif; font-size: medium; line-height: normal; margin-top: 14pt; margin-bottom: 14pt;\"><font face=\"arial,sans-serif\" size=\"3\"><span style=\"font-size: 12pt;\">As atividades do CRAS tiveram in\u00edcio no dia 14 de mar\u00e7o, oferecendo diversos cursos de capacita\u00e7\u00e3o e gera\u00e7\u00e3o de renda, tais como: Corte e Costura, Pintura, Bordado e Tape\u00e7aria. De acordo com Thaisy, as oficinas ter\u00e3o dura\u00e7\u00e3o de 6 meses e todo o material para a realiza\u00e7\u00e3o das atividades foi cedido pela Prefeitura, atrav\u00e9s da secretaria de Assist\u00eancia Social.<\/span><\/font><\/p>\n<p align=\"justify\" style=\"color: rgb(0, 0, 0); font-family: sans-serif; font-size: medium; line-height: normal; margin-top: 14pt; margin-bottom: 14pt;\"><font face=\"arial,sans-serif\" size=\"3\"><span style=\"font-size: 12pt;\"><b>Visita da Secret\u00e1ria \u2013<\/b><\/span><\/font><font face=\"arial,sans-serif\" size=\"3\"><span style=\"font-size: 12pt;\">&nbsp;Na \u00faltima segunda-feira, dia 20, a Secret\u00e1ria de Assist\u00eancia Social, Alesandra Brand\u00e3o, compareceu ao local das oficinas e deu boas vindas aos alunos. Para a secret\u00e1ria, os cursos s\u00e3o de extrema import\u00e2ncia, pois v\u00e3o<\/span><\/font><font face=\"arial,sans-serif\" size=\"3\"><span style=\"font-size: 12pt;\">capacit\u00e1-los para que&nbsp;futuramente fa\u00e7am do aprendizado uma importante fonte de renda. \u201cNosso desejo \u00e9 que possam adquirir habilidades para ajud\u00e1-los financeiramente. Sem contar que com tais atividades podemos estreitar os nossos la\u00e7os com a comunidade\u201d, explicou a secret\u00e1ria.&nbsp;<\/span><\/font><font face=\"arial,sans-serif\" size=\"3\"><span style=\"font-size: 12pt;\">&nbsp; &nbsp; &nbsp; &nbsp; &nbsp; &nbsp; &nbsp; &nbsp;&nbsp;<\/span><\/font><\/p>\n","protected":false},"excerpt":{"rendered":"<p>A Secretaria de Assist\u00eancia Social, atrav\u00e9s do Cras, deu in\u00edcio \u00e0s atividades do Centro, que \u00e9 localizado no Bairro Novo. Segundo a Coordenadora do Cras, Thaisy Paschoal, durante os meses de fevereiro e mar\u00e7o, mais de 100 benefici\u00e1rios do Programa Bolsa Fam\u00edlia se inscreveram para participar das oficinas. &nbsp; &nbsp; &nbsp; &nbsp; &nbsp; &nbsp; &nbsp; [&hellip;]<\/p>\n","protected":false},"author":2,"featured_media":0,"comment_status":"open","ping_status":"open","sticky":false,"template":"","format":"standard","meta":{"_links_to":"","_links_to_target":""},"categories":[1],"tags":[],"_links":{"self":[{"href":"https:\/\/www.ilheusnoticias.net.br\/v1\/wp-json\/wp\/v2\/posts\/5049"}],"collection":[{"href":"https:\/\/www.ilheusnoticias.net.br\/v1\/wp-json\/wp\/v2\/posts"}],"about":[{"href":"https:\/\/www.ilheusnoticias.net.br\/v1\/wp-json\/wp\/v2\/types\/post"}],"author":[{"embeddable":true,"href":"https:\/\/www.ilheusnoticias.net.br\/v1\/wp-json\/wp\/v2\/users\/2"}],"replies":[{"embeddable":true,"href":"https:\/\/www.ilheusnoticias.net.br\/v1\/wp-json\/wp\/v2\/comments?post=5049"}],"version-history":[{"count":1,"href":"https:\/\/www.ilheusnoticias.net.br\/v1\/wp-json\/wp\/v2\/posts\/5049\/revisions"}],"predecessor-version":[{"id":5050,"href":"https:\/\/www.ilheusnoticias.net.br\/v1\/wp-json\/wp\/v2\/posts\/5049\/revisions\/5050"}],"wp:attachment":[{"href":"https:\/\/www.ilheusnoticias.net.br\/v1\/wp-json\/wp\/v2\/media?parent=5049"}],"wp:term":[{"taxonomy":"category","embeddable":true,"href":"https:\/\/www.ilheusnoticias.net.br\/v1\/wp-json\/wp\/v2\/categories?post=5049"},{"taxonomy":"post_tag","embeddable":true,"href":"https:\/\/www.ilheusnoticias.net.br\/v1\/wp-json\/wp\/v2\/tags?post=5049"}],"curies":[{"name":"wp","href":"https:\/\/api.w.org\/{rel}","templated":true}]}}