{"id":4778,"date":"2017-03-13T12:38:46","date_gmt":"2017-03-13T15:38:46","guid":{"rendered":"http:\/\/www.ilheusnoticias.net.br\/v1\/?p=4778"},"modified":"2017-03-13T12:38:46","modified_gmt":"2017-03-13T15:38:46","slug":"itacare-sediou-reuniao-ampliada-diocesana-da-pastoral-da-juventude","status":"publish","type":"post","link":"https:\/\/www.ilheusnoticias.net.br\/v1\/2017\/03\/13\/itacare-sediou-reuniao-ampliada-diocesana-da-pastoral-da-juventude\/","title":{"rendered":"Itacar\u00e9 sediou reuni\u00e3o ampliada Diocesana da Pastoral da Juventude"},"content":{"rendered":"<p>&nbsp;<\/p>\n<p><a href=\"http:\/\/www.ilheusnoticias.net.br\/v1\/wp-content\/uploads\/2017\/03\/Juventude-3.jpg\" rel=\"attachment wp-att-4779\"><img loading=\"lazy\" class=\"aligncenter  wp-image-4779\" src=\"http:\/\/www.ilheusnoticias.net.br\/v1\/wp-content\/uploads\/2017\/03\/Juventude-3.jpg\" alt=\"Juventude 3\" width=\"500\" height=\"333\" srcset=\"https:\/\/www.ilheusnoticias.net.br\/v1\/wp-content\/uploads\/2017\/03\/Juventude-3.jpg 720w, https:\/\/www.ilheusnoticias.net.br\/v1\/wp-content\/uploads\/2017\/03\/Juventude-3-300x200.jpg 300w\" sizes=\"(max-width: 500px) 100vw, 500px\" \/><\/a><\/p>\n<p>&nbsp;<\/p>\n<p>Itacar\u00e9 sediou, nesse final de semana, a Ampliada Diocesana da Pastoral da Juventude da Diocese de Ilh\u00e9us, que reuniu jovens de todas as cidades da diocese com a finalidade de discutir assuntos sobre a vida e evangeliza\u00e7\u00e3o dos jovens do Brasil. Durante os tr\u00eas dias do evento os jovens tiveram a oportunidade de refletir sobre a vida, o seu papel de evangelizador, al\u00e9m de trocar experi\u00eancias com pessoas de diversos munic\u00edpios que fazem parte da diocese.<\/p>\n<p>&nbsp;<\/p>\n<p><!--more--><\/p>\n<p>O tema central do encontro, que contou com o apoio da Prefeitura de Itacar\u00e9, foi \u201cBiomas Brasileiro: Em defesa da vida\u201d, proposta que est\u00e1 em comunh\u00e3o com a tem\u00e1tica refletida pela Campanha da Fraternidade da CNBB de 2017, que reflete sobre os biomas brasileiros, suscitando na sociedade a urg\u00eancia e import\u00e2ncia de cuidar de forma definitiva do nossos recursos naturais, defendendo a vida na suas diversas formas apresentas no planeta.<\/p>\n<p>O vice-prefeito de Itacar\u00e9, Genilson Souza, participou do encontro e destacou a import\u00e2ncia dos jovens refletirem sobre a natureza e o meio ambiente, al\u00e9m de despertar pessoas cada vez mais conscientes da sua miss\u00e3o de evangelizar e de anunciar e levar a todos o evangelho. Para os jovens que participaram do encontro, a Ampliada Diocesana foi um momento diferente e engrandecedor, de f\u00e9, responsabilidade e de reflex\u00e3o, compartilhando experi\u00eancias, as vivencias e os saberes, al\u00e9m de sa\u00edrem desse momento muito mais certos do seu papel enquanto evangelizadores e defensores do meio ambiente.<\/p>\n<p>&nbsp;<\/p>\n","protected":false},"excerpt":{"rendered":"<p>&nbsp; &nbsp; Itacar\u00e9 sediou, nesse final de semana, a Ampliada Diocesana da Pastoral da Juventude da Diocese de Ilh\u00e9us, que reuniu jovens de todas as cidades da diocese com a finalidade de discutir assuntos sobre a vida e evangeliza\u00e7\u00e3o dos jovens do Brasil. Durante os tr\u00eas dias do evento os jovens tiveram a oportunidade de [&hellip;]<\/p>\n","protected":false},"author":2,"featured_media":0,"comment_status":"open","ping_status":"open","sticky":false,"template":"","format":"standard","meta":{"_links_to":"","_links_to_target":""},"categories":[1],"tags":[],"_links":{"self":[{"href":"https:\/\/www.ilheusnoticias.net.br\/v1\/wp-json\/wp\/v2\/posts\/4778"}],"collection":[{"href":"https:\/\/www.ilheusnoticias.net.br\/v1\/wp-json\/wp\/v2\/posts"}],"about":[{"href":"https:\/\/www.ilheusnoticias.net.br\/v1\/wp-json\/wp\/v2\/types\/post"}],"author":[{"embeddable":true,"href":"https:\/\/www.ilheusnoticias.net.br\/v1\/wp-json\/wp\/v2\/users\/2"}],"replies":[{"embeddable":true,"href":"https:\/\/www.ilheusnoticias.net.br\/v1\/wp-json\/wp\/v2\/comments?post=4778"}],"version-history":[{"count":1,"href":"https:\/\/www.ilheusnoticias.net.br\/v1\/wp-json\/wp\/v2\/posts\/4778\/revisions"}],"predecessor-version":[{"id":4780,"href":"https:\/\/www.ilheusnoticias.net.br\/v1\/wp-json\/wp\/v2\/posts\/4778\/revisions\/4780"}],"wp:attachment":[{"href":"https:\/\/www.ilheusnoticias.net.br\/v1\/wp-json\/wp\/v2\/media?parent=4778"}],"wp:term":[{"taxonomy":"category","embeddable":true,"href":"https:\/\/www.ilheusnoticias.net.br\/v1\/wp-json\/wp\/v2\/categories?post=4778"},{"taxonomy":"post_tag","embeddable":true,"href":"https:\/\/www.ilheusnoticias.net.br\/v1\/wp-json\/wp\/v2\/tags?post=4778"}],"curies":[{"name":"wp","href":"https:\/\/api.w.org\/{rel}","templated":true}]}}