{"id":4540,"date":"2017-02-28T20:26:06","date_gmt":"2017-02-28T23:26:06","guid":{"rendered":"http:\/\/www.ilheusnoticias.net.br\/v1\/?p=4540"},"modified":"2017-02-28T20:26:06","modified_gmt":"2017-02-28T23:26:06","slug":"imagens-aereas-mostra-tudo-sobre-o-hospital-regional-do-cacau-em-ilheus","status":"publish","type":"post","link":"https:\/\/www.ilheusnoticias.net.br\/v1\/2017\/02\/28\/imagens-aereas-mostra-tudo-sobre-o-hospital-regional-do-cacau-em-ilheus\/","title":{"rendered":"Imagens a\u00e9reas mostra tudo sobre o Hospital Regional do Cacau em Ilh\u00e9us\u00a0"},"content":{"rendered":"<p class=\"entry-content\" style=\"box-sizing: inherit; border: 0px; font-family: 'Noto Serif', serif; font-size: 15px; margin-right: 0px; margin-bottom: 0px; margin-left: 0px; padding: 0px 27.6875px 27.6875px; vertical-align: baseline; word-wrap: break-word; color: rgb(51, 51, 51);\">\n<p style=\"box-sizing: inherit; border: 0px; font-family: inherit; font-style: inherit; font-weight: inherit; margin-right: 0px; margin-bottom: 1.6em; margin-left: 0px; padding: 0px 0px 0px 30px; vertical-align: baseline; text-align: justify;\"><a href=\"http:\/\/www.agravo.blog.br\/wp-content\/uploads\/2017\/02\/hospital-regionalcosta-do-Cacau.jpg\" class=\"gallery_colorbox cboxElement\"><img loading=\"lazy\" width=\"500\" height=\"281\" alt=\"\" src=\"http:\/\/www.agravo.blog.br\/wp-content\/uploads\/2017\/02\/hospital-regionalcosta-do-Cacau.jpg\" title=\"\" class=\"aligncenter size-custom wp-image-58701\"><\/a><\/p>\n<p style=\"box-sizing: inherit; border: 0px; font-family: inherit; font-style: inherit; font-weight: inherit; margin-right: 0px; margin-bottom: 1.6em; margin-left: 0px; padding: 0px; vertical-align: baseline; text-align: justify;\">As obras de constru\u00e7\u00e3o do Hospital Regional da Costa do Cacau, em Ilh\u00e9us, seguem em ritmo acelerado. Imagens a\u00e9reas feitas por&nbsp;<a href=\"https:\/\/www.facebook.com\/jorgereisdrones\/\" style=\"box-sizing: inherit; border-width: 0px 0px 1px; border-bottom-style: solid; border-bottom-color: rgb(51, 51, 51); font-family: inherit; font-style: inherit; font-weight: inherit; margin: 0px; padding: 0px; vertical-align: baseline; color: rgb(51, 51, 51);\">Jorge Reis Drones<\/a>, mostram o hospital praticamente pronto.<\/p>\n<p style=\"box-sizing: inherit; border: 0px; font-family: inherit; font-style: inherit; font-weight: inherit; margin-right: 0px; margin-bottom: 1.6em; margin-left: 0px; padding: 0px; vertical-align: baseline; text-align: justify;\">A unidade hospitalar, que ter\u00e1 180 leitos j\u00e1 na primeira fase, deve ser entrega ainda no primeiro semestre de 2017. Do total de leitos, 30 ser\u00e3o de terapia intensiva (UTI).<\/p>\n<p style=\"box-sizing: inherit; border: 0px; font-family: inherit; font-style: inherit; font-weight: inherit; margin-right: 0px; margin-bottom: 1.6em; margin-left: 0px; padding: 0px; vertical-align: baseline; text-align: justify;\">Segundo o Governo do Estado, a unidade contar\u00e1 com equipamentos modernos e ofertar\u00e1 atendimento em ortopedia, cardiologia, dentre outras especialidades.<\/p>\n<p style=\"box-sizing: inherit; border: 0px; font-family: inherit; font-style: inherit; font-weight: inherit; margin-right: 0px; margin-bottom: 1.6em; margin-left: 0px; padding: 0px; vertical-align: baseline; text-align: justify;\">O investimento para a constru\u00e7\u00e3o do hospital \u00e9 de cerca de R$ 80 milh\u00f5es.<\/p>\n<p style=\"box-sizing: inherit; border: 0px; font-family: inherit; font-style: inherit; font-weight: inherit; margin-right: 0px; margin-bottom: 1.6em; margin-left: 0px; padding: 0px; vertical-align: baseline; text-align: justify;\"><span style=\"box-sizing: inherit; border: 0px; font-family: inherit; font-style: inherit; font-weight: 700; margin: 0px; padding: 0px; vertical-align: baseline;\">Confira o v\u00eddeo:<\/span><\/p>\n<p style=\"box-sizing: inherit; border: 0px; font-family: inherit; font-style: inherit; font-weight: inherit; margin-right: 0px; margin-bottom: 1.6em; margin-left: 0px; padding: 0px; vertical-align: baseline;\"><iframe loading=\"lazy\" src=\"https:\/\/www.youtube.com\/embed\/Vgma3tmPwfs\" width=\"560\" height=\"315\" frameborder=\"0\" allowfullscreen=\"allowfullscreen\" style=\"box-sizing: inherit; border-width: 0px; border-style: initial; font-family: inherit; font-style: inherit; font-weight: inherit; margin: 0px; padding: 0px; vertical-align: middle; max-width: 100%;\"><\/iframe><\/p>\n<p style=\"box-sizing: inherit; border: 0px; font-family: inherit; font-style: inherit; font-weight: inherit; margin-right: 0px; margin-bottom: 1.6em; margin-left: 0px; padding: 0px; vertical-align: baseline;\">Informa\u00e7\u00f5es Blog Agravo<\/p>\n","protected":false},"excerpt":{"rendered":"<p>As obras de constru\u00e7\u00e3o do Hospital Regional da Costa do Cacau, em Ilh\u00e9us, seguem em ritmo acelerado. Imagens a\u00e9reas feitas por&nbsp;Jorge Reis Drones, mostram o hospital praticamente pronto. A unidade hospitalar, que ter\u00e1 180 leitos j\u00e1 na primeira fase, deve ser entrega ainda no primeiro semestre de 2017. Do total de leitos, 30 ser\u00e3o de [&hellip;]<\/p>\n","protected":false},"author":2,"featured_media":0,"comment_status":"open","ping_status":"open","sticky":false,"template":"","format":"standard","meta":{"_links_to":"","_links_to_target":""},"categories":[1],"tags":[],"_links":{"self":[{"href":"https:\/\/www.ilheusnoticias.net.br\/v1\/wp-json\/wp\/v2\/posts\/4540"}],"collection":[{"href":"https:\/\/www.ilheusnoticias.net.br\/v1\/wp-json\/wp\/v2\/posts"}],"about":[{"href":"https:\/\/www.ilheusnoticias.net.br\/v1\/wp-json\/wp\/v2\/types\/post"}],"author":[{"embeddable":true,"href":"https:\/\/www.ilheusnoticias.net.br\/v1\/wp-json\/wp\/v2\/users\/2"}],"replies":[{"embeddable":true,"href":"https:\/\/www.ilheusnoticias.net.br\/v1\/wp-json\/wp\/v2\/comments?post=4540"}],"version-history":[{"count":1,"href":"https:\/\/www.ilheusnoticias.net.br\/v1\/wp-json\/wp\/v2\/posts\/4540\/revisions"}],"predecessor-version":[{"id":4541,"href":"https:\/\/www.ilheusnoticias.net.br\/v1\/wp-json\/wp\/v2\/posts\/4540\/revisions\/4541"}],"wp:attachment":[{"href":"https:\/\/www.ilheusnoticias.net.br\/v1\/wp-json\/wp\/v2\/media?parent=4540"}],"wp:term":[{"taxonomy":"category","embeddable":true,"href":"https:\/\/www.ilheusnoticias.net.br\/v1\/wp-json\/wp\/v2\/categories?post=4540"},{"taxonomy":"post_tag","embeddable":true,"href":"https:\/\/www.ilheusnoticias.net.br\/v1\/wp-json\/wp\/v2\/tags?post=4540"}],"curies":[{"name":"wp","href":"https:\/\/api.w.org\/{rel}","templated":true}]}}