{"id":4481,"date":"2017-02-24T13:35:41","date_gmt":"2017-02-24T16:35:41","guid":{"rendered":"http:\/\/www.ilheusnoticias.net.br\/v1\/?p=4481"},"modified":"2017-02-24T17:48:41","modified_gmt":"2017-02-24T20:48:41","slug":"presa-foragida-que-torturou-e-matou-adolescente","status":"publish","type":"post","link":"https:\/\/www.ilheusnoticias.net.br\/v1\/2017\/02\/24\/presa-foragida-que-torturou-e-matou-adolescente\/","title":{"rendered":"Presa foragida que torturou e matou adolescente"},"content":{"rendered":"<h2 class=\"PostHeaderIcon-wrapper\">\u00a0<a href=\"http:\/\/www.ilheusnoticias.net.br\/v1\/wp-content\/uploads\/2017\/02\/assassina.jpeg\" rel=\"attachment wp-att-4490\"><img loading=\"lazy\" class=\"aligncenter size-medium wp-image-4490\" src=\"http:\/\/www.ilheusnoticias.net.br\/v1\/wp-content\/uploads\/2017\/02\/assassina-238x300.jpeg\" alt=\"assassina\" width=\"238\" height=\"300\" \/><\/a><\/h2>\n<div class=\"PostContent\">\n<div id=\"attachment_177281\" class=\"wp-caption alignright\">\n<p>&nbsp;<\/p>\n<p class=\"wp-caption-text\">\n<\/div>\n<p>Investigadores da 6\u00aa Coordenadoria Regional de Pol\u00edcia do Interior (Coorpin), em Itabuna, prenderam, no munic\u00edpio de Perd\u00f5es, em Minas Gerais, a foragida Patr\u00edcia Souza dos Santos, condenada a mais de 24 anos de pris\u00e3o pelo assassinato e tortura de Ariele Santos Silva, em 20 de janeiro de 2014, de 16 anos.O crime ocorreu na cidade de Camacan e contou com a participa\u00e7\u00e3o de outras duas pessoas, que foram tamb\u00e9m condenadas e cumprem pena no sistema prisional. Erlan de Assis Silva foi condenado a 28 anos de pris\u00e3o e Luiz Ricardo Santos Resende a 26. O crime gerou grande como\u00e7\u00e3o na popula\u00e7\u00e3o da cidade. Patr\u00edcia, na ocasi\u00e3o, chegou a ser presa, mas acabou liberada pela justi\u00e7a.<\/p>\n<\/div>\n<p>&nbsp;<\/p>\n<p>&nbsp;<\/p>\n<p>&nbsp;<\/p>\n<p><!--more--><\/p>\n<div class=\"PostContent\">\n<p>A a\u00e7\u00e3o dos policiais da Coorpin\/Itabuna, em Perd\u00f5es, contou com o apoio dos departamentos de Pol\u00edcia do Interior (Depin) e de Crime Contra o Patrim\u00f4nio (DCCP), al\u00e9m da Pol\u00edcia Civil de Minas Gerais. O mandado de pris\u00e3o foi expedido pelo juiz Eros Pereira Cavalcanti, substituto da Vara Criminal de Camacan.<\/p>\n<\/div>\n","protected":false},"excerpt":{"rendered":"<p>\u00a0 &nbsp; Investigadores da 6\u00aa Coordenadoria Regional de Pol\u00edcia do Interior (Coorpin), em Itabuna, prenderam, no munic\u00edpio de Perd\u00f5es, em Minas Gerais, a foragida Patr\u00edcia Souza dos Santos, condenada a mais de 24 anos de pris\u00e3o pelo assassinato e tortura de Ariele Santos Silva, em 20 de janeiro de 2014, de 16 anos.O crime ocorreu [&hellip;]<\/p>\n","protected":false},"author":2,"featured_media":0,"comment_status":"open","ping_status":"open","sticky":false,"template":"","format":"standard","meta":{"_links_to":"","_links_to_target":""},"categories":[7],"tags":[],"_links":{"self":[{"href":"https:\/\/www.ilheusnoticias.net.br\/v1\/wp-json\/wp\/v2\/posts\/4481"}],"collection":[{"href":"https:\/\/www.ilheusnoticias.net.br\/v1\/wp-json\/wp\/v2\/posts"}],"about":[{"href":"https:\/\/www.ilheusnoticias.net.br\/v1\/wp-json\/wp\/v2\/types\/post"}],"author":[{"embeddable":true,"href":"https:\/\/www.ilheusnoticias.net.br\/v1\/wp-json\/wp\/v2\/users\/2"}],"replies":[{"embeddable":true,"href":"https:\/\/www.ilheusnoticias.net.br\/v1\/wp-json\/wp\/v2\/comments?post=4481"}],"version-history":[{"count":2,"href":"https:\/\/www.ilheusnoticias.net.br\/v1\/wp-json\/wp\/v2\/posts\/4481\/revisions"}],"predecessor-version":[{"id":4491,"href":"https:\/\/www.ilheusnoticias.net.br\/v1\/wp-json\/wp\/v2\/posts\/4481\/revisions\/4491"}],"wp:attachment":[{"href":"https:\/\/www.ilheusnoticias.net.br\/v1\/wp-json\/wp\/v2\/media?parent=4481"}],"wp:term":[{"taxonomy":"category","embeddable":true,"href":"https:\/\/www.ilheusnoticias.net.br\/v1\/wp-json\/wp\/v2\/categories?post=4481"},{"taxonomy":"post_tag","embeddable":true,"href":"https:\/\/www.ilheusnoticias.net.br\/v1\/wp-json\/wp\/v2\/tags?post=4481"}],"curies":[{"name":"wp","href":"https:\/\/api.w.org\/{rel}","templated":true}]}}