{"id":4442,"date":"2017-02-23T12:35:07","date_gmt":"2017-02-23T15:35:07","guid":{"rendered":"http:\/\/www.ilheusnoticias.net.br\/v1\/?p=4442"},"modified":"2017-02-23T12:35:07","modified_gmt":"2017-02-23T15:35:07","slug":"blocos-afros-e-de-samba-abrem-o-carnaval-ouro-negro-em-dois-circuitos","status":"publish","type":"post","link":"https:\/\/www.ilheusnoticias.net.br\/v1\/2017\/02\/23\/blocos-afros-e-de-samba-abrem-o-carnaval-ouro-negro-em-dois-circuitos\/","title":{"rendered":"Blocos Afros e de Samba abrem o Carnaval Ouro Negro em dois circuitos"},"content":{"rendered":"<p class=\"x_MsoNormal\"><span style=\"color: #000000;\">Samba \u00e9 a palavra de ordem desta quinta-feira (23) de Carnaval, no circuito Osmar. Os tradicionais blocos de samba de Salvador v\u00e3o ditar ritmo da primeira noite oficial da festa. Os blocos Alerta Geral, Pagode Total, Amor e Paix\u00e3o, Bloco da Capoeira, Millenar e Quero Ver o Momo, devem reunir mais de 20 mil associados e fantasiados para folia. As entidades s\u00e3o apoiadas pelo projeto Carnaval Ouro Negro, do Governo do Estado, gerido pela Secretaria de Cultura do Estado da Bahia (SecultBA). Diversas entidades carnavalescas dentre blocos afro e de \u00edndio, afox\u00e9s e grupos de samba e de reggae foram contemplados.<\/span><\/p>\n<p class=\"x_MsoNormal\">\n<p class=\"x_MsoNormal\"><!--more--><\/p>\n<p class=\"x_MsoNormal\"><span style=\"color: #000000;\">O primeiro bloco a desfilar \u00e9 o Alerta Geral. Entre seus convidados, sambistas nacionais como Gal do Beco, Juliana Ribeiro, Raimundo Sodr\u00e9, Roberto Mendes, Alo\u00edsio Menezes, Grupo Bambeia e Reinaldo (Pr\u00edncipe do Pagode), que conduzir\u00e3o seus mais de tr\u00eas mil foli\u00f5es pagantes. Em seguida \u00e9 a vez do bloco Pagode Total, do artista baiano Compadre Washington. O bloco ser\u00e1 puxado pelo grupo \u00c9 o Tchan e promete apresentar na avenida. Outro artista baiano que ser\u00e1 atra\u00e7\u00e3o principal de seu pr\u00f3prio bloco \u00e9 o cantor e compositor Nelson Rufino que vem no Amor e Paix\u00e3o, acompanhado dos grupos Fora da M\u00eddia, Movimento e Batifun.<\/span><\/p>\n<p class=\"x_MsoNormal\"><span style=\"color: #000000;\">Outros ritmos \u2013 Mas o primeiro dia n\u00e3o \u00e9 feito s\u00f3 de samba. O Bloco da Capoeira \u00e9 a primeira atra\u00e7\u00e3o afro desse primeiro dia oficial de desfile no circuito Osmar \u2013 Campo Grande, que vai apresentar um conjunto de m\u00fasica, dan\u00e7a e beleza que encanta todo p\u00fablico. Outro bloco \u00e9 o Bankoma. Oriundo de Port\u00e3o (Lauro de Freitas), a entidade apresenta na avenida um conjunto art\u00edstico formado pela ala de dan\u00e7a, que desfila no ch\u00e3o e n\u00e3o deixa ningu\u00e9m parado.<\/span><\/p>\n<p class=\"x_MsoNormal\"><span style=\"color: #000000;\">J\u00e1 no Circuito Batatinha (Pra\u00e7a da S\u00e9 &#8211; Rua Chile), os blocos come\u00e7am os desfiles \u00e0s 20h, com o Express\u00e3o Negra, seguido do Arca do Ax\u00e9, Bloco Adir\u00e1, Laroy\u00ea Arriba e Levada do Jegue. Todas estas entidades s\u00e3o contempladas pelo Programa Ouro Negro, gerido pela SecultBA, atrav\u00e9s do Centro de Culturas Populares e Identit\u00e1rias. Na sua d\u00e9cima edi\u00e7\u00e3o, o Ouro Negro reconhece o legado e a import\u00e2ncia da cultura negra e ind\u00edgena para o Carnaval e mant\u00e9m o apoio para garantir a presen\u00e7a do espet\u00e1culo de beleza e simbolismo que esses blocos fazem na avenida.<\/span><\/p>\n<p class=\"x_MsoNormal\"><span style=\"color: #000000;\">Atrav\u00e9s do projeto Ouro Negro, lan\u00e7ado pela SecultBA no ano de 2008, e coordenado pelo Centro de Culturas Populares e Identit\u00e1rias (CCPI), a Secretaria de Cultura tem promovido uma verdadeira requalifica\u00e7\u00e3o nos desfiles dos blocos, estimulando a valoriza\u00e7\u00e3o e a preserva\u00e7\u00e3o da tradi\u00e7\u00e3o afro no Carnaval, com o desfile com alas e roupas tradicionais, al\u00e9m da renova\u00e7\u00e3o dos integrantes destes blocos, com maior presen\u00e7a da juventude. Dentro de suas comunidades, estas entidades contribuem para o desenvolvimento social atrav\u00e9s da constru\u00e7\u00e3o de uma cultura cidad\u00e3.<\/span><\/p>\n<p class=\"x_MsoNormal\"><b><span style=\"color: #000000;\">CARNAVAL DA CULTURA<\/span><\/b><\/p>\n<p class=\"x_MsoNormal\"><span style=\"color: #000000;\">O Carnaval da Cultura \u00e9 o carnaval da democracia e da diversidade e do foli\u00e3o pipoca, que leva para as ruas, durante todos os dias e circuitos da folia, a mistura de ritmos e g\u00eaneros musicais e, principalmente, a est\u00e9tica e a arte de diferentes artistas, grupos e entidades culturais da Bahia. S\u00e3o centenas de atra\u00e7\u00f5es e shows gratuitos de afox\u00e9, samba, reggae, ax\u00e9, pop, MPB, fanfarras e muito mais. \u00c9 divers\u00e3o garantida para todos os gostos e estilos no espa\u00e7o p\u00fablico da rua para alegria do foli\u00e3o. O Carnaval da Cultura \u2013 uma realiza\u00e7\u00e3o da Secretaria da Cultura do Estado da Bahia, por meio do Centro de Culturas Populares e Identit\u00e1rias (CCPI) \u2013 est\u00e1 organizado a partir de quatro programas: <b>Carnaval do Pel\u00f4, Carnaval Pipoca, Carnaval Ouro Negro <\/b>e<b> Outros Carnavais<\/b>. A programa\u00e7\u00e3o completa de nossa festa est\u00e1 dispon\u00edvel nos sites<b><a id=\"LPlnk906798\" href=\"http:\/\/www.cultura.ba.gov.br\/\" target=\"_blank\">www.cultura.ba.gov.br<\/a><\/b><br \/>\ne <\/span><a id=\"LPlnk406644\" href=\"http:\/\/www.carnaval.bahia.com.br\/\" target=\"_blank\"><b><span style=\"color: #000000;\">www.carnaval.bahia.com.br<\/span><\/b><\/a><b><span style=\"color: #000000;\">.<\/span><\/b><\/p>\n","protected":false},"excerpt":{"rendered":"<p>Samba \u00e9 a palavra de ordem desta quinta-feira (23) de Carnaval, no circuito Osmar. Os tradicionais blocos de samba de Salvador v\u00e3o ditar ritmo da primeira noite oficial da festa. Os blocos Alerta Geral, Pagode Total, Amor e Paix\u00e3o, Bloco da Capoeira, Millenar e Quero Ver o Momo, devem reunir mais de 20 mil associados [&hellip;]<\/p>\n","protected":false},"author":2,"featured_media":0,"comment_status":"open","ping_status":"open","sticky":false,"template":"","format":"standard","meta":{"_links_to":"","_links_to_target":""},"categories":[1],"tags":[],"_links":{"self":[{"href":"https:\/\/www.ilheusnoticias.net.br\/v1\/wp-json\/wp\/v2\/posts\/4442"}],"collection":[{"href":"https:\/\/www.ilheusnoticias.net.br\/v1\/wp-json\/wp\/v2\/posts"}],"about":[{"href":"https:\/\/www.ilheusnoticias.net.br\/v1\/wp-json\/wp\/v2\/types\/post"}],"author":[{"embeddable":true,"href":"https:\/\/www.ilheusnoticias.net.br\/v1\/wp-json\/wp\/v2\/users\/2"}],"replies":[{"embeddable":true,"href":"https:\/\/www.ilheusnoticias.net.br\/v1\/wp-json\/wp\/v2\/comments?post=4442"}],"version-history":[{"count":1,"href":"https:\/\/www.ilheusnoticias.net.br\/v1\/wp-json\/wp\/v2\/posts\/4442\/revisions"}],"predecessor-version":[{"id":4443,"href":"https:\/\/www.ilheusnoticias.net.br\/v1\/wp-json\/wp\/v2\/posts\/4442\/revisions\/4443"}],"wp:attachment":[{"href":"https:\/\/www.ilheusnoticias.net.br\/v1\/wp-json\/wp\/v2\/media?parent=4442"}],"wp:term":[{"taxonomy":"category","embeddable":true,"href":"https:\/\/www.ilheusnoticias.net.br\/v1\/wp-json\/wp\/v2\/categories?post=4442"},{"taxonomy":"post_tag","embeddable":true,"href":"https:\/\/www.ilheusnoticias.net.br\/v1\/wp-json\/wp\/v2\/tags?post=4442"}],"curies":[{"name":"wp","href":"https:\/\/api.w.org\/{rel}","templated":true}]}}