{"id":4431,"date":"2017-02-21T16:49:21","date_gmt":"2017-02-21T19:49:21","guid":{"rendered":"http:\/\/www.ilheusnoticias.net.br\/v1\/?p=4431"},"modified":"2017-02-21T16:49:21","modified_gmt":"2017-02-21T19:49:21","slug":"deputada-angela-sousa-cobra-medidas-para-assegurar-o-ensino-de-qualidade-em-ilheus","status":"publish","type":"post","link":"https:\/\/www.ilheusnoticias.net.br\/v1\/2017\/02\/21\/deputada-angela-sousa-cobra-medidas-para-assegurar-o-ensino-de-qualidade-em-ilheus\/","title":{"rendered":"Deputada \u00c2ngela Sousa cobra medidas para\u00a0assegurar o ensino de qualidade em Ilh\u00e9us"},"content":{"rendered":"<p><a href=\"http:\/\/www.ilheusnoticias.net.br\/v1\/wp-content\/uploads\/2017\/02\/wp-image-152202913jpg.jpg\"><img loading=\"lazy\" width=\"550\" height=\"366\" alt=\"\" src=\"http:\/\/www.ilheusnoticias.net.br\/v1\/wp-content\/uploads\/2017\/02\/wp-image-152202913jpg.jpg\" title=\"\" class=\"aligncenter size-full wp-image-4430\"><\/a><\/p>\n<p align=\"justify\" style=\"color: rgb(0, 0, 0); font-family: sans-serif; font-size: medium; line-height: normal; margin-right: 0px; margin-bottom: 0px; margin-left: 0px;\"><font face=\"verdana,sans-serif\" size=\"4\" color=\"black\">Preocupada com a reloca\u00e7\u00e3o do col\u00e9gio Estadual Padre Luiz Palmeira, localizado no bairro Nova Bras\u00edlia, zona sul da cidade, em decorr\u00eancia da constru\u00e7\u00e3o da nova ponte Ilh\u00e9us-Pontal, a deputada \u00c2ngela Sousa e a secret\u00e1ria municipal de Educa\u00e7\u00e3o, Eliane Oliveira, reuniram-se com o secret\u00e1rio estadual de Educa\u00e7\u00e3o, Walter Pinheiro, para tratar de medidas quanto a mudan\u00e7a de local e garantia da qualidade de ensino aos alunos daquela unidade.<\/font><\/p>\n<p style=\"color: rgb(0, 0, 0); font-family: sans-serif; font-size: medium; line-height: normal; margin-right: 0px; margin-bottom: 0px; margin-left: 0px;\"><font face=\"verdana,sans-serif\" size=\"4\" color=\"black\">&nbsp;<\/font><\/p>\n<p align=\"justify\" style=\"color: rgb(0, 0, 0); font-family: sans-serif; font-size: medium; line-height: normal; margin-right: 0px; margin-bottom: 0px; margin-left: 0px;\"><font face=\"verdana,sans-serif\" size=\"4\" color=\"black\">A escola funciona h\u00e1 mais de 50 anos e atendendo em tempo integral aos alunos do ensino m\u00e9dio da zona sul, especialmente das localidades da Nova Bras\u00edlia e do Pontal.<\/font><\/p>\n<p style=\"color: rgb(0, 0, 0); font-family: sans-serif; font-size: medium; line-height: normal; margin-right: 0px; margin-bottom: 0px; margin-left: 0px;\"><font face=\"verdana,sans-serif\" size=\"4\" color=\"black\">&nbsp;<\/font><\/p>\n<p align=\"justify\" style=\"color: rgb(0, 0, 0); font-family: sans-serif; font-size: medium; line-height: normal; margin-right: 0px; margin-bottom: 0px; margin-left: 0px;\"><font face=\"verdana,sans-serif\" size=\"4\" color=\"black\">A deputada solicitou provid\u00eancias para que o ensino dos alunos n\u00e3o seja prejudicado, uma vez que o remanejamento dos estudantes para outras escolas implica em salas lotadas, al\u00e9m do impedimento de continuar a metodologia de ensino integral, o que dificulta a educa\u00e7\u00e3o continuada e provoca a evas\u00e3o escolar.<\/font><\/p>\n<p style=\"color: rgb(0, 0, 0); font-family: sans-serif; font-size: medium; line-height: normal; margin-right: 0px; margin-bottom: 0px; margin-left: 0px;\"><font face=\"verdana,sans-serif\" size=\"4\" color=\"black\">&nbsp;<\/font><\/p>\n<p align=\"justify\" style=\"color: rgb(0, 0, 0); font-family: sans-serif; font-size: medium; line-height: normal; margin-right: 0px; margin-bottom: 0px; margin-left: 0px;\"><font face=\"verdana,sans-serif\" size=\"4\" color=\"black\">O secret\u00e1rio Walter Pinheiro justificou que o projeto da nova ponte de Ilh\u00e9us \u00e9 uma obra de interesse coletivo, e embora venha a atingir o col\u00e9gio estadual, sua equipe est\u00e1 atenta e busca uma solu\u00e7\u00e3o para atender \u00e0s necessidades dos alunos daquelas localidades, garantindo tamb\u00e9m um ensino de qualidade.<\/font><\/p>\n<p align=\"justify\" style=\"color: rgb(0, 0, 0); font-family: sans-serif; font-size: medium; line-height: normal; margin-right: 0px; margin-bottom: 0px; margin-left: 0px;\"><font face=\"verdana,sans-serif\" size=\"4\" color=\"black\">&nbsp;<\/font><\/p>\n<p align=\"justify\" style=\"color: rgb(0, 0, 0); font-family: sans-serif; font-size: medium; line-height: normal; margin-right: 0px; margin-bottom: 0px; margin-left: 0px;\"><font face=\"verdana,sans-serif\" size=\"4\" color=\"black\">Pinheiro ressaltou ainda que o Estado tem buscado assegurar a educa\u00e7\u00e3o dos alunos, por meio de parcerias com universidades, a exemplo da Universidade Estadual de Santa Cruz (Uesc), e investimentos para que possam conciliar o ensino m\u00e9dio e a capacita\u00e7\u00e3o com curso profissionalizante, a exemplo da cria\u00e7\u00e3o da Escola do Cacau, dentre outros equipamentos educacionais que venham a garantir al\u00e9m da forma\u00e7\u00e3o acad\u00eamica, a qualifica\u00e7\u00e3o de m\u00e3o de obra para inser\u00e7\u00e3o de jovens no mercado de trabalho.<\/font><\/p>\n","protected":false},"excerpt":{"rendered":"<p>Preocupada com a reloca\u00e7\u00e3o do col\u00e9gio Estadual Padre Luiz Palmeira, localizado no bairro Nova Bras\u00edlia, zona sul da cidade, em decorr\u00eancia da constru\u00e7\u00e3o da nova ponte Ilh\u00e9us-Pontal, a deputada \u00c2ngela Sousa e a secret\u00e1ria municipal de Educa\u00e7\u00e3o, Eliane Oliveira, reuniram-se com o secret\u00e1rio estadual de Educa\u00e7\u00e3o, Walter Pinheiro, para tratar de medidas quanto a mudan\u00e7a [&hellip;]<\/p>\n","protected":false},"author":2,"featured_media":0,"comment_status":"open","ping_status":"open","sticky":false,"template":"","format":"standard","meta":{"_links_to":"","_links_to_target":""},"categories":[1],"tags":[],"_links":{"self":[{"href":"https:\/\/www.ilheusnoticias.net.br\/v1\/wp-json\/wp\/v2\/posts\/4431"}],"collection":[{"href":"https:\/\/www.ilheusnoticias.net.br\/v1\/wp-json\/wp\/v2\/posts"}],"about":[{"href":"https:\/\/www.ilheusnoticias.net.br\/v1\/wp-json\/wp\/v2\/types\/post"}],"author":[{"embeddable":true,"href":"https:\/\/www.ilheusnoticias.net.br\/v1\/wp-json\/wp\/v2\/users\/2"}],"replies":[{"embeddable":true,"href":"https:\/\/www.ilheusnoticias.net.br\/v1\/wp-json\/wp\/v2\/comments?post=4431"}],"version-history":[{"count":1,"href":"https:\/\/www.ilheusnoticias.net.br\/v1\/wp-json\/wp\/v2\/posts\/4431\/revisions"}],"predecessor-version":[{"id":4432,"href":"https:\/\/www.ilheusnoticias.net.br\/v1\/wp-json\/wp\/v2\/posts\/4431\/revisions\/4432"}],"wp:attachment":[{"href":"https:\/\/www.ilheusnoticias.net.br\/v1\/wp-json\/wp\/v2\/media?parent=4431"}],"wp:term":[{"taxonomy":"category","embeddable":true,"href":"https:\/\/www.ilheusnoticias.net.br\/v1\/wp-json\/wp\/v2\/categories?post=4431"},{"taxonomy":"post_tag","embeddable":true,"href":"https:\/\/www.ilheusnoticias.net.br\/v1\/wp-json\/wp\/v2\/tags?post=4431"}],"curies":[{"name":"wp","href":"https:\/\/api.w.org\/{rel}","templated":true}]}}