{"id":4428,"date":"2017-02-21T16:46:38","date_gmt":"2017-02-21T19:46:38","guid":{"rendered":"http:\/\/www.ilheusnoticias.net.br\/v1\/?p=4428"},"modified":"2017-02-21T16:46:38","modified_gmt":"2017-02-21T19:46:38","slug":"espacos-culturais-vinculados-a-secult-tem-horario-especial-durante-o-carnaval","status":"publish","type":"post","link":"https:\/\/www.ilheusnoticias.net.br\/v1\/2017\/02\/21\/espacos-culturais-vinculados-a-secult-tem-horario-especial-durante-o-carnaval\/","title":{"rendered":"Espa\u00e7os culturais vinculados a Secult t\u00eam hor\u00e1rio especial durante o Carnaval"},"content":{"rendered":"<p><font face=\"Calibri,sans-serif\" size=\"2\" style=\"text-align: center; color: rgb(0, 0, 0);\"><span style=\"font-size: 11pt;\">&nbsp;<\/span><\/font><span class=\"edit-container small\"><span class=\"edit-overlay\" contenteditable=\"false\"><span class=\"edit-icon\"><\/span><span class=\"edit-content\">Editar<\/span><\/span><br \/>\n<\/span><\/p>\n<p><a href=\"http:\/\/www.ilheusnoticias.net.br\/v1\/wp-content\/uploads\/2017\/02\/wp-1487706401388.jpg\"><img loading=\"lazy\" width=\"500\" height=\"339\" alt=\"\" src=\"http:\/\/www.ilheusnoticias.net.br\/v1\/wp-content\/uploads\/2017\/02\/wp-1487706401388.jpg\" title=\"\" class=\"aligncenter size-full wp-image-4427\" srcset=\"https:\/\/www.ilheusnoticias.net.br\/v1\/wp-content\/uploads\/2017\/02\/wp-1487706401388.jpg 731w, https:\/\/www.ilheusnoticias.net.br\/v1\/wp-content\/uploads\/2017\/02\/wp-1487706401388-300x204.jpg 300w\" sizes=\"(max-width: 500px) 100vw, 500px\" \/><\/a><\/p>\n<p style=\"color: rgb(0, 0, 0); font-family: Calibri, Arial, Helvetica, sans-serif; font-size: medium; line-height: normal;\"><font face=\"trebuchet ms,sans-serif\"><br \/>\n<\/font><\/p>\n<p align=\"justify\" style=\"margin-bottom: 0px;\"><font face=\"trebuchet ms,sans-serif\"><font face=\"Calibri,sans-serif\" size=\"2\"><span style=\"font-size: 11pt;\">J\u00e1 est\u00e1 dada a largada para a maior festa de rua do mundo. Ser\u00e3o seis dias de folia e muita brincadeira na cidade. E com isso os nossos espa\u00e7os culturais ter\u00e3o um hor\u00e1rio especial para atender o p\u00fablico. Alguns ir\u00e3o fechar e outros estenderam os seus hor\u00e1rios. Confina a programa\u00e7\u00e3o dos museus, bibliotecas e espa\u00e7os culturais vinculados a Secretaria de Cultura do Estado da Bahia a seguir.<\/span><\/font><\/font><br \/>\n<font face=\"trebuchet ms,sans-serif\"><\/p>\n<p align=\"justify\" style=\"margin-bottom: 0px;\"><font face=\"Calibri,sans-serif\" size=\"2\"><span style=\"font-size: 11pt;\">&nbsp;<\/span><\/font><\/p>\n<p align=\"justify\" style=\"margin-bottom: 0px;\"><font face=\"Calibri,sans-serif\" size=\"2\"><span style=\"font-size: 11pt;\"><b>Museus<\/b><\/span><\/font><\/p>\n<p align=\"justify\" style=\"margin-bottom: 0px;\">\n<p align=\"justify\" style=\"margin-bottom: 0px;\"><font face=\"Calibri,sans-serif\" size=\"2\"><span style=\"font-size: 11pt;\">Os museus vinculados \u00e0 Diretoria de Museus do Instituto do Patrim\u00f4nio Art\u00edstico e Cultural da Bahia (Dimus\/Ipac), localizados no Pelourinho, estar\u00e3o fechados a partir de quarta-feira (22\/02) \u00e0 01\/03 (Quarta de Cinzas) em virtude do Carnaval. S\u00e3o eles: Centro Cultural Solar Ferr\u00e3o, Museu Udo Knoff de Azulejaria e Cer\u00e2mica, Museu Abelardo Rodrigues e o Museu Tempostal.<\/span><\/font><\/p>\n<p align=\"justify\" style=\"margin-bottom: 0px;\"><font face=\"Calibri,sans-serif\" size=\"2\"><span style=\"font-size: 11pt;\">&nbsp;<\/span><\/font><\/p>\n<p align=\"justify\" style=\"margin-bottom: 0px;\"><font face=\"Calibri,sans-serif\" size=\"2\"><span style=\"font-size: 11pt;\">Em 02\/03, os museus voltam ao funcionamento normal, abrindo das 12h \u00e0s 18h (ter\u00e7a a sexta) e das 12 \u00e0s 17h (s\u00e1bados, domingos e feriados). O Parque Hist\u00f3rico Castro Alves, localizado em Cabaceiras do Paragua\u00e7u (Rec\u00f4ncavo baiano) come\u00e7a o recesso de carnaval na quinta-feira (23\/02) e retoma as atividades na quinta seguinte (02\/03).<\/span><\/font><\/p>\n<p style=\"margin-bottom: 0px;\">\n<p align=\"justify\" style=\"margin-bottom: 0px;\"><font face=\"Calibri,sans-serif\" size=\"2\"><span style=\"font-size: 11pt;\"><b>Bibliotecas<\/b><\/span><\/font><\/p>\n<p align=\"justify\" style=\"margin-bottom: 0px;\"><font face=\"Calibri,sans-serif\" size=\"2\"><span style=\"font-size: 11pt;\">&nbsp;<\/span><\/font><\/p>\n<p align=\"justify\" style=\"margin-bottom: 0px;\"><font face=\"Calibri,sans-serif\" size=\"2\"><span style=\"font-size: 11pt;\">Nas bibliotecas Monteiro Lobato (Nazar\u00e9), An\u00edsio Teixeira (Pelourinho), Thales de Azevedo (Costa Azul), Biblioteca dos Barris (Barris), e a Juracy Magalh\u00e3es Jr (Itaparica), funcionar\u00e3o&nbsp;at\u00e9 quarta-feira (22), \u00e0s 14h. O retorno destas unidades ser\u00e1 na quinta-feira, 2 de mar\u00e7o, em hor\u00e1rio normal. J\u00e1 a Biblioteca Juracy Magalh\u00e3es Jr, localizada no Rio Vermelho, n\u00e3o abrir\u00e1 a partir desta ter\u00e7a (21) e s\u00f3 retornar\u00e1 ao seu funcionamento normal no dia 6 de mar\u00e7o, por conta da reforma em sua estrutura. As bibliotecas p\u00fablicas estaduais s\u00e3o vinculadas \u00e0 Funda\u00e7\u00e3o Pedro Calmon\/SecultBA.<\/span><\/font><\/p>\n<p align=\"justify\" style=\"margin-bottom: 0px;\"><font face=\"Calibri,sans-serif\" size=\"2\"><span style=\"font-size: 11pt;\">&nbsp;<\/span><\/font><\/p>\n<p align=\"justify\" style=\"margin-bottom: 0px;\"><font face=\"Calibri,sans-serif\" size=\"2\"><span style=\"font-size: 11pt;\"><b>Espa\u00e7os culturais<\/b><\/span><\/font><\/p>\n<p align=\"justify\" style=\"margin-bottom: 0px;\"><font face=\"Calibri,sans-serif\" size=\"2\"><span style=\"font-size: 11pt;\"><b>&nbsp;<\/b><\/span><\/font><\/p>\n<p align=\"justify\" style=\"margin-bottom: 0px;\"><font face=\"Calibri,sans-serif\" size=\"2\"><span style=\"font-size: 11pt;\"><b>Salvador<\/b><\/span><\/font><\/p>\n<p align=\"justify\" style=\"margin-bottom: 0px;\"><font face=\"Calibri,sans-serif\" size=\"2\"><span style=\"font-size: 11pt;\">Centro Cultural Plataforma: recesso de 23 a 28 de fevereiro.<\/span><\/font><\/p>\n<p align=\"justify\" style=\"margin-bottom: 0px;\"><font face=\"Calibri,sans-serif\" size=\"2\"><span style=\"font-size: 11pt;\">Espa\u00e7o Cultural Alagados: recesso de 23 de fevereiro a 01 de mar\u00e7o.<\/span><\/font><\/p>\n<p align=\"justify\" style=\"margin-bottom: 0px;\"><font face=\"Calibri,sans-serif\" size=\"2\"><span style=\"font-size: 11pt;\">Cine Teatro Solar Boa Vista: recesso de 23 de fevereiro a 01 de mar\u00e7o.<\/span><\/font><\/p>\n<p align=\"justify\" style=\"margin-bottom: 0px;\"><font face=\"Calibri,sans-serif\" size=\"2\"><span style=\"font-size: 11pt;\">Espa\u00e7o Xisto Bahia: recesso de 21 de fevereiro a 01 de mar\u00e7o.<\/span><\/font><\/p>\n<p align=\"justify\" style=\"margin-bottom: 0px;\"><font face=\"Calibri,sans-serif\" size=\"2\"><span style=\"font-size: 11pt;\">Casa da M\u00fasica: recesso de 22 de fevereiro a 01 de mar\u00e7o.<\/span><\/font><\/p>\n<p align=\"justify\" style=\"margin-bottom: 0px;\"><font face=\"Calibri,sans-serif\" size=\"2\"><span style=\"font-size: 11pt;\">&nbsp;<\/span><\/font><\/p>\n<p align=\"justify\" style=\"margin-bottom: 0px;\"><font face=\"Calibri,sans-serif\" size=\"2\"><span style=\"font-size: 11pt;\"><b>Lauro de Freitas<\/b><\/span><\/font><\/p>\n<p align=\"justify\" style=\"margin-bottom: 0px;\"><font face=\"Calibri,sans-serif\" size=\"2\"><span style=\"font-size: 11pt;\">Cine Teatro Lauro de Freitas: recesso de 22 de fevereiro a 01 de mar\u00e7o.&nbsp;<\/span><\/font><\/p>\n<p align=\"justify\" style=\"margin-bottom: 0px;\"><font face=\"Calibri,sans-serif\" size=\"2\"><span style=\"font-size: 11pt;\">&nbsp;<\/span><\/font><\/p>\n<p align=\"justify\" style=\"margin-bottom: 0px;\"><font face=\"Calibri,sans-serif\" size=\"2\"><span style=\"font-size: 11pt;\"><b>Feira de Santana<\/b><\/span><\/font><\/p>\n<p align=\"justify\" style=\"margin-bottom: 0px;\"><font face=\"Calibri,sans-serif\" size=\"2\"><span style=\"font-size: 11pt;\">Centro de Cultura Am\u00e9lio Amorim: recesso de 23 a 28 de fevereiro.<\/span><\/font><\/p>\n<p align=\"justify\" style=\"margin-bottom: 0px;\"><font face=\"Calibri,sans-serif\" size=\"2\"><span style=\"font-size: 11pt;\">&nbsp;<\/span><\/font><\/p>\n<p align=\"justify\" style=\"margin-bottom: 0px;\"><font face=\"Calibri,sans-serif\" size=\"2\"><span style=\"font-size: 11pt;\"><b>Valen\u00e7a<\/b><\/span><\/font><\/p>\n<p align=\"justify\" style=\"margin-bottom: 0px;\"><font face=\"Calibri,sans-serif\" size=\"2\"><span style=\"font-size: 11pt;\">Centro de Cultura Ol\u00edvia Barradas: 24 de fevereiro a 01 mar\u00e7o.<\/span><\/font><\/p>\n<p align=\"justify\" style=\"margin-bottom: 0px;\"><font face=\"Calibri,sans-serif\" size=\"2\"><span style=\"font-size: 11pt;\">&nbsp;<\/span><\/font><\/p>\n<p align=\"justify\" style=\"margin-bottom: 0px;\"><font face=\"Calibri,sans-serif\" size=\"2\"><span style=\"font-size: 11pt;\"><b>Alagoinhas<\/b><\/span><\/font><\/p>\n<p align=\"justify\" style=\"margin-bottom: 0px;\"><font face=\"Calibri,sans-serif\" size=\"2\"><span style=\"font-size: 11pt;\">Centro de Cultura de Alagoinhas: recesso de 24 a 28 de fevereiro.<\/span><\/font><\/p>\n<p align=\"justify\" style=\"margin-bottom: 0px;\"><font face=\"Calibri,sans-serif\" size=\"2\"><span style=\"font-size: 11pt;\">&nbsp;<\/span><\/font><\/p>\n<p align=\"justify\" style=\"margin-bottom: 0px;\"><font face=\"Calibri,sans-serif\" size=\"2\"><span style=\"font-size: 11pt;\"><b>Mutu\u00edpe<\/b><\/span><\/font><\/p>\n<p align=\"justify\" style=\"margin-bottom: 0px;\"><font face=\"Calibri,sans-serif\" size=\"2\"><span style=\"font-size: 11pt;\">Casa de Cultura de Mutu\u00edpe: recesso de 23 de fevereiro a 01 de mar\u00e7o.<\/span><\/font><\/p>\n<p align=\"justify\" style=\"margin-bottom: 0px;\"><font face=\"Calibri,sans-serif\" size=\"2\"><span style=\"font-size: 11pt;\">&nbsp;<\/span><\/font><\/p>\n<p align=\"justify\" style=\"margin-bottom: 0px;\"><font face=\"Calibri,sans-serif\" size=\"2\"><span style=\"font-size: 11pt;\"><b>Santo Amaro<\/b><\/span><\/font><\/p>\n<p align=\"justify\" style=\"margin-bottom: 0px;\"><font face=\"Calibri,sans-serif\" size=\"2\"><span style=\"font-size: 11pt;\">Teatro Dona Can\u00f4: recesso de 24 a 28 de fevereiro.<\/span><\/font><\/p>\n<p align=\"justify\" style=\"margin-bottom: 0px;\"><font face=\"Calibri,sans-serif\" size=\"2\"><span style=\"font-size: 11pt;\">&nbsp;<\/span><\/font><\/p>\n<p align=\"justify\" style=\"margin-bottom: 0px;\"><font face=\"Calibri,sans-serif\" size=\"2\"><span style=\"font-size: 11pt;\"><b>Juazeiro<\/b><\/span><\/font><\/p>\n<p align=\"justify\" style=\"margin-bottom: 0px;\"><font face=\"Calibri,sans-serif\" size=\"2\"><span style=\"font-size: 11pt;\">Centro de Cultura Jo\u00e3o Gilberto: recesso de 22 de fevereiro a 28 de fevereiro.<\/span><\/font><\/p>\n<p align=\"justify\" style=\"margin-bottom: 0px;\"><font face=\"Calibri,sans-serif\" size=\"2\"><span style=\"font-size: 11pt;\">&nbsp;<\/span><\/font><\/p>\n<p align=\"justify\" style=\"margin-bottom: 0px;\"><font face=\"Calibri,sans-serif\" size=\"2\"><span style=\"font-size: 11pt;\"><b>Itabuna<\/b><\/span><\/font><\/p>\n<p align=\"justify\" style=\"margin-bottom: 0px;\"><font face=\"Calibri,sans-serif\" size=\"2\"><span style=\"font-size: 11pt;\">Centro de Cultura Adonias Filho: recesso de 23 de fevereiro a 01 de mar\u00e7o.<\/span><\/font><\/p>\n<p align=\"justify\" style=\"margin-bottom: 0px;\"><font face=\"Calibri,sans-serif\" size=\"2\"><span style=\"font-size: 11pt;\">&nbsp;<\/span><\/font><\/p>\n<p align=\"justify\" style=\"margin-bottom: 0px;\"><font face=\"Calibri,sans-serif\" size=\"2\"><span style=\"font-size: 11pt;\"><b>Vit\u00f3ria da Conquista<\/b><\/span><\/font><\/p>\n<p align=\"justify\" style=\"margin-bottom: 0px;\"><font face=\"Calibri,sans-serif\" size=\"2\"><span style=\"font-size: 11pt;\">Centro de Cultura Camillo de Jesus Lima: recesso 23 de fevereiro a 01 de mar\u00e7o.<\/span><\/font><\/p>\n<p align=\"justify\" style=\"margin-bottom: 0px;\"><font face=\"Calibri,sans-serif\" size=\"2\"><span style=\"font-size: 11pt;\">&nbsp;<\/span><\/font><\/p>\n<p align=\"justify\" style=\"margin-bottom: 0px;\"><font face=\"Calibri,sans-serif\" size=\"2\"><span style=\"font-size: 11pt;\"><b>Jequi\u00e9<\/b><\/span><\/font><\/p>\n<p align=\"justify\" style=\"margin-bottom: 0px;\"><font face=\"Calibri,sans-serif\" size=\"2\"><span style=\"font-size: 11pt;\">Centro de Cultura ACM: recesso de 25 de fevereiro a 01 de mar\u00e7o.<\/span><\/font><\/p>\n<p align=\"justify\" style=\"margin-bottom: 0px;\"><font face=\"Calibri,sans-serif\" size=\"2\"><span style=\"font-size: 11pt;\">&nbsp;<\/span><\/font><\/p>\n<p align=\"justify\" style=\"margin-bottom: 0px;\"><font face=\"Calibri,sans-serif\" size=\"2\"><span style=\"font-size: 11pt;\"><b>Guanambi<\/b><\/span><\/font><\/p>\n<p align=\"justify\" style=\"margin-bottom: 0px;\"><font face=\"Calibri,sans-serif\" size=\"2\"><span style=\"font-size: 11pt;\">Centro Cultural de Guanambi: recesso 22 de fevereiro a 02 de mar\u00e7o.<\/span><\/font><\/p>\n<p align=\"justify\" style=\"margin-bottom: 0px;\"><font face=\"Calibri,sans-serif\" size=\"2\"><span style=\"font-size: 11pt;\">&nbsp;<\/span><\/font><\/p>\n<p align=\"justify\" style=\"margin-bottom: 0px;\"><font face=\"Calibri,sans-serif\" size=\"2\"><span style=\"font-size: 11pt;\"><b>Porto Seguro<\/b><\/span><\/font><\/p>\n<p align=\"justify\" style=\"margin-bottom: 0px;\"><font face=\"Calibri,sans-serif\" size=\"2\"><span style=\"font-size: 11pt;\">Centro de Cultura de Porto Seguro: Recesso de 26 de fevereiro a 01 de mar\u00e7o.<\/span><\/font><\/p>\n<p><\/font><\/p>\n<p style=\"color: rgb(0, 0, 0); font-family: Calibri, Arial, Helvetica, sans-serif; font-size: medium; line-height: normal;\">&nbsp;<\/p>\n","protected":false},"excerpt":{"rendered":"<p>&nbsp;Editar J\u00e1 est\u00e1 dada a largada para a maior festa de rua do mundo. Ser\u00e3o seis dias de folia e muita brincadeira na cidade. E com isso os nossos espa\u00e7os culturais ter\u00e3o um hor\u00e1rio especial para atender o p\u00fablico. Alguns ir\u00e3o fechar e outros estenderam os seus hor\u00e1rios. Confina a programa\u00e7\u00e3o dos museus, bibliotecas e [&hellip;]<\/p>\n","protected":false},"author":2,"featured_media":0,"comment_status":"open","ping_status":"open","sticky":false,"template":"","format":"standard","meta":{"_links_to":"","_links_to_target":""},"categories":[1],"tags":[],"_links":{"self":[{"href":"https:\/\/www.ilheusnoticias.net.br\/v1\/wp-json\/wp\/v2\/posts\/4428"}],"collection":[{"href":"https:\/\/www.ilheusnoticias.net.br\/v1\/wp-json\/wp\/v2\/posts"}],"about":[{"href":"https:\/\/www.ilheusnoticias.net.br\/v1\/wp-json\/wp\/v2\/types\/post"}],"author":[{"embeddable":true,"href":"https:\/\/www.ilheusnoticias.net.br\/v1\/wp-json\/wp\/v2\/users\/2"}],"replies":[{"embeddable":true,"href":"https:\/\/www.ilheusnoticias.net.br\/v1\/wp-json\/wp\/v2\/comments?post=4428"}],"version-history":[{"count":1,"href":"https:\/\/www.ilheusnoticias.net.br\/v1\/wp-json\/wp\/v2\/posts\/4428\/revisions"}],"predecessor-version":[{"id":4429,"href":"https:\/\/www.ilheusnoticias.net.br\/v1\/wp-json\/wp\/v2\/posts\/4428\/revisions\/4429"}],"wp:attachment":[{"href":"https:\/\/www.ilheusnoticias.net.br\/v1\/wp-json\/wp\/v2\/media?parent=4428"}],"wp:term":[{"taxonomy":"category","embeddable":true,"href":"https:\/\/www.ilheusnoticias.net.br\/v1\/wp-json\/wp\/v2\/categories?post=4428"},{"taxonomy":"post_tag","embeddable":true,"href":"https:\/\/www.ilheusnoticias.net.br\/v1\/wp-json\/wp\/v2\/tags?post=4428"}],"curies":[{"name":"wp","href":"https:\/\/api.w.org\/{rel}","templated":true}]}}