{"id":4418,"date":"2017-02-21T10:37:53","date_gmt":"2017-02-21T13:37:53","guid":{"rendered":"http:\/\/www.ilheusnoticias.net.br\/v1\/?p=4418"},"modified":"2017-02-21T10:37:53","modified_gmt":"2017-02-21T13:37:53","slug":"embasa-informa-falta-de-energia-eletrica-interrompeu-abastecimento-de-agua-na-zona-sul-de-ilheus-ontem-segunda-dia-20","status":"publish","type":"post","link":"https:\/\/www.ilheusnoticias.net.br\/v1\/2017\/02\/21\/embasa-informa-falta-de-energia-eletrica-interrompeu-abastecimento-de-agua-na-zona-sul-de-ilheus-ontem-segunda-dia-20\/","title":{"rendered":"Embasa informa: Falta de energia el\u00e9trica interrompeu abastecimento de \u00e1gua na zona sul de Ilh\u00e9us ontem ( Segunda dia 20)\u00a0"},"content":{"rendered":"<p><span style=\"color: rgb(0, 0, 0); font-family: Calibri, Arial, Helvetica, sans-serif; line-height: normal;\">A interrup\u00e7\u00e3o do fornecimento de energia el\u00e9trica para a Esta\u00e7\u00e3o de Tratamento de \u00c1gua (ETA) do bairro do Pontal, na noite de ontem (20), provocou a interrup\u00e7\u00e3o tempor\u00e1ria do fornecimento de \u00e1gua para os bairros da zona sul de Ilh\u00e9us (ver lista). Algumas localidades centrais da cidade tamb\u00e9m podem ter sido afetadas. T\u00e9cnicos da concession\u00e1ria de energia conclu\u00edram os servi\u00e7os \u00e0s 10h da manh\u00e3 de hoje, o que permitir\u00e1 a&nbsp;retomada das opera\u00e7\u00f5es da Embasa. A previs\u00e3o&nbsp;\u00e9 de que o abastecimento de \u00e1gua seja regularizado em at\u00e9 24 horas. Usu\u00e1rios que disp\u00f5em de reserva\u00e7\u00e3o adequada para suas necessidades de consumo n\u00e3o sentir\u00e3o os efeitos dessa paralisa\u00e7\u00e3o.<\/span><\/p>\n<p style=\"color: rgb(0, 0, 0); font-family: Calibri, Arial, Helvetica, sans-serif; line-height: normal; margin-bottom: 0px;\">Bairros afetados| BA 415, Barreira, Centro, Ceplus, Cidade Nova, Couto, Cururupe, Hernane S\u00e1 I e II, Ilh\u00e9us II, Jardim Atl\u00e2ntico, Loteamento S\u00e3o Caetano, Mar a Vista, Mar de Ilh\u00e9us I, Nossa Senhora da Vit\u00f3ria, Nelson Costa, Outeiro de S\u00e3o Sebasti\u00e3o, Avenida Princesa Isabel, P\u00e9rola do Mar, Pontal, Parque Oliven\u00e7a, Praia Dourada, Rodovia Ilh\u00e9us-Oliven\u00e7a, Santo Ant\u00f4nio de P\u00e1dua, S\u00e3o Jo\u00e3o, Sapetinga, Sol e Mar I e II, Urbis.<\/p>\n","protected":false},"excerpt":{"rendered":"<p>A interrup\u00e7\u00e3o do fornecimento de energia el\u00e9trica para a Esta\u00e7\u00e3o de Tratamento de \u00c1gua (ETA) do bairro do Pontal, na noite de ontem (20), provocou a interrup\u00e7\u00e3o tempor\u00e1ria do fornecimento de \u00e1gua para os bairros da zona sul de Ilh\u00e9us (ver lista). Algumas localidades centrais da cidade tamb\u00e9m podem ter sido afetadas. T\u00e9cnicos da concession\u00e1ria [&hellip;]<\/p>\n","protected":false},"author":2,"featured_media":0,"comment_status":"open","ping_status":"open","sticky":false,"template":"","format":"standard","meta":{"_links_to":"","_links_to_target":""},"categories":[1],"tags":[],"_links":{"self":[{"href":"https:\/\/www.ilheusnoticias.net.br\/v1\/wp-json\/wp\/v2\/posts\/4418"}],"collection":[{"href":"https:\/\/www.ilheusnoticias.net.br\/v1\/wp-json\/wp\/v2\/posts"}],"about":[{"href":"https:\/\/www.ilheusnoticias.net.br\/v1\/wp-json\/wp\/v2\/types\/post"}],"author":[{"embeddable":true,"href":"https:\/\/www.ilheusnoticias.net.br\/v1\/wp-json\/wp\/v2\/users\/2"}],"replies":[{"embeddable":true,"href":"https:\/\/www.ilheusnoticias.net.br\/v1\/wp-json\/wp\/v2\/comments?post=4418"}],"version-history":[{"count":1,"href":"https:\/\/www.ilheusnoticias.net.br\/v1\/wp-json\/wp\/v2\/posts\/4418\/revisions"}],"predecessor-version":[{"id":4419,"href":"https:\/\/www.ilheusnoticias.net.br\/v1\/wp-json\/wp\/v2\/posts\/4418\/revisions\/4419"}],"wp:attachment":[{"href":"https:\/\/www.ilheusnoticias.net.br\/v1\/wp-json\/wp\/v2\/media?parent=4418"}],"wp:term":[{"taxonomy":"category","embeddable":true,"href":"https:\/\/www.ilheusnoticias.net.br\/v1\/wp-json\/wp\/v2\/categories?post=4418"},{"taxonomy":"post_tag","embeddable":true,"href":"https:\/\/www.ilheusnoticias.net.br\/v1\/wp-json\/wp\/v2\/tags?post=4418"}],"curies":[{"name":"wp","href":"https:\/\/api.w.org\/{rel}","templated":true}]}}