{"id":4416,"date":"2017-02-21T10:28:42","date_gmt":"2017-02-21T13:28:42","guid":{"rendered":"http:\/\/www.ilheusnoticias.net.br\/v1\/?p=4416"},"modified":"2017-02-21T10:28:42","modified_gmt":"2017-02-21T13:28:42","slug":"prefeito-de-itacare-e-presidente-da-amurc-defende-o-fortalecimento-da-ceplac","status":"publish","type":"post","link":"https:\/\/www.ilheusnoticias.net.br\/v1\/2017\/02\/21\/prefeito-de-itacare-e-presidente-da-amurc-defende-o-fortalecimento-da-ceplac\/","title":{"rendered":"Prefeito de Itacar\u00e9 e presidente da Amurc defende\u00a0o fortalecimento da Ceplac"},"content":{"rendered":"<p><a href=\"http:\/\/www.ilheusnoticias.net.br\/v1\/wp-content\/uploads\/2017\/02\/wp-1487683665821.jpg\"><img loading=\"lazy\" width=\"520\" height=\"288\" alt=\"\" src=\"http:\/\/www.ilheusnoticias.net.br\/v1\/wp-content\/uploads\/2017\/02\/wp-1487683665821.jpg\" title=\"\" class=\"aligncenter size-full wp-image-4415\" srcset=\"https:\/\/www.ilheusnoticias.net.br\/v1\/wp-content\/uploads\/2017\/02\/wp-1487683665821.jpg 720w, https:\/\/www.ilheusnoticias.net.br\/v1\/wp-content\/uploads\/2017\/02\/wp-1487683665821-300x167.jpg 300w\" sizes=\"(max-width: 520px) 100vw, 520px\" \/><\/a><br \/>\nFortalecer cada vez mais a Ceplac para que volte a ser de fato uma eficiente institui\u00e7\u00e3o de pesquisa e apoio aos produtores e a agricultura regional. Essa foi uma das defesas feitas pelo prefeito de Itacar\u00e9, presidente da Associa\u00e7\u00e3o dos Munic\u00edpios da Regi\u00e3o Cacaueira e do Cons\u00f3rcio Intermunicipal Litoral Sul, Ant\u00f4nio de An\u00edzio, durante a solenidade de comemora\u00e7\u00e3o dos 60 anos da Ceplac, realizado na manh\u00e3 desta segunda-feira, no audit\u00f3rio do Cepec.<\/p>\n<p>De acordo com Ant\u00f4nio de An\u00edzio, \u201ca Ceplac e o Governo do Estado s\u00e3o fundamentais nesse processo em que se busca agregar valor ao cacau, atrav\u00e9s da produ\u00e7\u00e3o de am\u00eandoas de qualidade e da fabrica\u00e7\u00e3o de chocolate gourmet, ampliando a gera\u00e7\u00e3o de emprego e renda\u201d. Mas para isso, segundo ele, \u00e9 preciso dar um novo olhar para a Ceplac, promover mais investimentos e fortalecer a institui\u00e7\u00e3o que ao longo dos anos teve uma import\u00e2ncia fundamental para o desenvolvimento n\u00e3o somente da regi\u00e3o, mas de toda a Bahia.<\/p>\n<p>A solenidade de anivers\u00e1rio dos 60 anos da Ceplac contou com as presen\u00e7as dos secret\u00e1rios estaduais de Agricultura, Vitor Bonfim; Ci\u00eancia e Tecnologia, Jos\u00e9 Vivaldo Mendon\u00e7a; Meio Ambiente, Geraldo Reis; e Desenvolvimento Rural, Jer\u00f4nimo Rodrigues e de diversas autoridades a n\u00edvel nacional e estadual. Durante a solenidade foi realizada a apresenta\u00e7\u00e3o do Parque Cient\u00edfico e Tecnol\u00f3gico do Sul da Bahia, que vai funcionar dentro da Universidade Estadual Santa Cruz (Uesc), na rodovia Ilh\u00e9us-Itabuna,<\/p>\n<p>Articulado pela secretaria estadual de Ci\u00eancia e Tecnologia e a Uesc, o Parque vai funcionar dentro da Uesc com foco na cria\u00e7\u00e3o e inova\u00e7\u00e3o da cadeia produtiva do cacau e chocolate no Sul da Bahia. Foram tr\u00eas anos de estudos para o desenvolvimento do projeto do Parque que ir\u00e1 auxiliar, ainda, na qualifica\u00e7\u00e3o dos ensinos T\u00e9cnico e Superior da regi\u00e3o. O Parque tem previs\u00e3o de investimentos de R$ 6,5 milh\u00f5es at\u00e9 2019 e possui ainda como metas o desenvolvimento de sistemas de gest\u00e3o ambiental, produtividade e competitividade do cacau e do chocolate, fomento \u00e0 produ\u00e7\u00e3o agroindustrial, agroecologia e agricultura familiar e manejo e conserva\u00e7\u00e3o dos recursos florestais.<\/p>\n<p>A comemora\u00e7\u00e3o dos 60 anos da Ceplac foi encerrada com a entrega de placas homenagens a funcion\u00e1rios e de uma palestra sobre a hist\u00f3ria da institui\u00e7\u00e3o, criada por Juscelino Kubitschek e que nas d\u00e9cadas de 1970 e 1980 elevou a produ\u00e7\u00e3o de cacau na Bahia para 400 mil toneladas\/ano. Atualmente, em processo de retomada, a produ\u00e7\u00e3o \u00e9 de cerca de 130 mil toneladas\/ano e, al\u00e9m das am\u00eandoas, est\u00e3o sendo feitos investimentos na produ\u00e7\u00e3o de chocolate, com a cria\u00e7\u00e3o de cerca de 20 marcas, que j\u00e1 atingem os mercados nacional e internacional de chocolates finos<\/p>\n","protected":false},"excerpt":{"rendered":"<p>Fortalecer cada vez mais a Ceplac para que volte a ser de fato uma eficiente institui\u00e7\u00e3o de pesquisa e apoio aos produtores e a agricultura regional. Essa foi uma das defesas feitas pelo prefeito de Itacar\u00e9, presidente da Associa\u00e7\u00e3o dos Munic\u00edpios da Regi\u00e3o Cacaueira e do Cons\u00f3rcio Intermunicipal Litoral Sul, Ant\u00f4nio de An\u00edzio, durante a [&hellip;]<\/p>\n","protected":false},"author":2,"featured_media":0,"comment_status":"open","ping_status":"open","sticky":false,"template":"","format":"standard","meta":{"_links_to":"","_links_to_target":""},"categories":[1],"tags":[],"_links":{"self":[{"href":"https:\/\/www.ilheusnoticias.net.br\/v1\/wp-json\/wp\/v2\/posts\/4416"}],"collection":[{"href":"https:\/\/www.ilheusnoticias.net.br\/v1\/wp-json\/wp\/v2\/posts"}],"about":[{"href":"https:\/\/www.ilheusnoticias.net.br\/v1\/wp-json\/wp\/v2\/types\/post"}],"author":[{"embeddable":true,"href":"https:\/\/www.ilheusnoticias.net.br\/v1\/wp-json\/wp\/v2\/users\/2"}],"replies":[{"embeddable":true,"href":"https:\/\/www.ilheusnoticias.net.br\/v1\/wp-json\/wp\/v2\/comments?post=4416"}],"version-history":[{"count":1,"href":"https:\/\/www.ilheusnoticias.net.br\/v1\/wp-json\/wp\/v2\/posts\/4416\/revisions"}],"predecessor-version":[{"id":4417,"href":"https:\/\/www.ilheusnoticias.net.br\/v1\/wp-json\/wp\/v2\/posts\/4416\/revisions\/4417"}],"wp:attachment":[{"href":"https:\/\/www.ilheusnoticias.net.br\/v1\/wp-json\/wp\/v2\/media?parent=4416"}],"wp:term":[{"taxonomy":"category","embeddable":true,"href":"https:\/\/www.ilheusnoticias.net.br\/v1\/wp-json\/wp\/v2\/categories?post=4416"},{"taxonomy":"post_tag","embeddable":true,"href":"https:\/\/www.ilheusnoticias.net.br\/v1\/wp-json\/wp\/v2\/tags?post=4416"}],"curies":[{"name":"wp","href":"https:\/\/api.w.org\/{rel}","templated":true}]}}