{"id":4350,"date":"2017-02-16T16:43:03","date_gmt":"2017-02-16T19:43:03","guid":{"rendered":"http:\/\/www.ilheusnoticias.net.br\/v1\/?p=4350"},"modified":"2017-02-16T16:43:03","modified_gmt":"2017-02-16T19:43:03","slug":"prefeito-de-ilheus-recebe-ambulancia-para-o-municipio","status":"publish","type":"post","link":"https:\/\/www.ilheusnoticias.net.br\/v1\/2017\/02\/16\/prefeito-de-ilheus-recebe-ambulancia-para-o-municipio\/","title":{"rendered":"Prefeito de Ilh\u00e9us recebe ambul\u00e2ncia para o Munic\u00edpio\u00a0"},"content":{"rendered":"<p><a href=\"http:\/\/www.ilheusnoticias.net.br\/v1\/wp-content\/uploads\/2017\/02\/wp-image-1725449679jpg.jpg?retry=7\"><img loading=\"lazy\" width=\"530\" height=\"219\" alt=\"\" src=\"http:\/\/www.ilheusnoticias.net.br\/v1\/wp-content\/uploads\/2017\/02\/wp-image-1725449679jpg.jpg?retry=7\" title=\"\" class=\"aligncenter size-full wp-image-4349\"><\/a><\/p>\n<p align=\"justify\" style=\"color: rgb(0, 0, 0); font-family: Calibri, Arial, Helvetica, sans-serif; line-height: normal; margin-bottom: 0px;\"><font face=\"Arial,sans-serif\">O prefeito de Ilh\u00e9us, esteve nesta quinta-feira (16), na secretaria Estadual de Sa\u00fade para assinar o termo de doa\u00e7\u00e3o de uma ambul\u00e2ncia que integrar\u00e1 a frota do munic\u00edpio. O equipamento \u00e9 fruto da emenda impositiva da deputada \u00c2ngela Sousa, com o objetivo de modernizar e garantir mais qualidade no servi\u00e7o de assist\u00eancia m\u00e9dica aos ilheenses.<\/font><\/p>\n<p align=\"justify\" style=\"color: rgb(0, 0, 0); font-family: Calibri, Arial, Helvetica, sans-serif; line-height: normal; margin-bottom: 0px;\">\n<p align=\"justify\" style=\"color: rgb(0, 0, 0); font-family: Calibri, Arial, Helvetica, sans-serif; line-height: normal; margin-bottom: 0px;\"><font face=\"Arial,sans-serif\">O prefeito M\u00e1rio Alexandre agradeceu a deputada \u00c2ngela Sousa, que est\u00e1 sempre com o olhar voltado para as necessidades de Ilh\u00e9us, nesta ocasi\u00e3o garantindo este equipamento que \u00e9 mais uma alternativa gratificante que nossa administra\u00e7\u00e3o ter\u00e1 para proporcionar mais qualidade de vida ao nosso povo.\u201cCom a ambul\u00e2ncia queremos agilizar ainda mais o atendimento dos pacientes na nossa regi\u00e3o\u201d, expressou o prefeito.<\/font><\/p>\n","protected":false},"excerpt":{"rendered":"<p>O prefeito de Ilh\u00e9us, esteve nesta quinta-feira (16), na secretaria Estadual de Sa\u00fade para assinar o termo de doa\u00e7\u00e3o de uma ambul\u00e2ncia que integrar\u00e1 a frota do munic\u00edpio. O equipamento \u00e9 fruto da emenda impositiva da deputada \u00c2ngela Sousa, com o objetivo de modernizar e garantir mais qualidade no servi\u00e7o de assist\u00eancia m\u00e9dica aos ilheenses. [&hellip;]<\/p>\n","protected":false},"author":2,"featured_media":0,"comment_status":"open","ping_status":"open","sticky":false,"template":"","format":"standard","meta":{"_links_to":"","_links_to_target":""},"categories":[1],"tags":[],"_links":{"self":[{"href":"https:\/\/www.ilheusnoticias.net.br\/v1\/wp-json\/wp\/v2\/posts\/4350"}],"collection":[{"href":"https:\/\/www.ilheusnoticias.net.br\/v1\/wp-json\/wp\/v2\/posts"}],"about":[{"href":"https:\/\/www.ilheusnoticias.net.br\/v1\/wp-json\/wp\/v2\/types\/post"}],"author":[{"embeddable":true,"href":"https:\/\/www.ilheusnoticias.net.br\/v1\/wp-json\/wp\/v2\/users\/2"}],"replies":[{"embeddable":true,"href":"https:\/\/www.ilheusnoticias.net.br\/v1\/wp-json\/wp\/v2\/comments?post=4350"}],"version-history":[{"count":1,"href":"https:\/\/www.ilheusnoticias.net.br\/v1\/wp-json\/wp\/v2\/posts\/4350\/revisions"}],"predecessor-version":[{"id":4351,"href":"https:\/\/www.ilheusnoticias.net.br\/v1\/wp-json\/wp\/v2\/posts\/4350\/revisions\/4351"}],"wp:attachment":[{"href":"https:\/\/www.ilheusnoticias.net.br\/v1\/wp-json\/wp\/v2\/media?parent=4350"}],"wp:term":[{"taxonomy":"category","embeddable":true,"href":"https:\/\/www.ilheusnoticias.net.br\/v1\/wp-json\/wp\/v2\/categories?post=4350"},{"taxonomy":"post_tag","embeddable":true,"href":"https:\/\/www.ilheusnoticias.net.br\/v1\/wp-json\/wp\/v2\/tags?post=4350"}],"curies":[{"name":"wp","href":"https:\/\/api.w.org\/{rel}","templated":true}]}}