{"id":4336,"date":"2017-02-16T13:19:34","date_gmt":"2017-02-16T16:19:34","guid":{"rendered":"http:\/\/www.ilheusnoticias.net.br\/v1\/?p=4336"},"modified":"2017-02-16T13:19:34","modified_gmt":"2017-02-16T16:19:34","slug":"vereador-ery-bar-cobra-planejamento-e-assiduidade-no-horario-do-transporte-coletivo","status":"publish","type":"post","link":"https:\/\/www.ilheusnoticias.net.br\/v1\/2017\/02\/16\/vereador-ery-bar-cobra-planejamento-e-assiduidade-no-horario-do-transporte-coletivo\/","title":{"rendered":"Vereador Ery Bar cobra planejamento e\u00a0assiduidade\u00a0no hor\u00e1rio do transporte coletivo"},"content":{"rendered":"<p><span style=\"color: rgb(0, 0, 0); font-family: sans-serif; font-size: medium; line-height: normal;\">Na \u00faltima sess\u00e3o ordin\u00e1ria da C\u00e2mara Municipal de Ilh\u00e9us, ter\u00e7a-feira (14), o vereador Ery Bar externou a sua preocupa\u00e7\u00e3o em rela\u00e7\u00e3o ao transporte coletivo de Ilh\u00e9us.<\/span><\/p>\n<p align=\"justify\" style=\"color: rgb(0, 0, 0); font-family: sans-serif; font-size: medium; line-height: normal; margin-top: 14pt; margin-bottom: 14pt;\">Durante seu discurso no plen\u00e1rio,&nbsp; Ery Bar questionou desde o planejamento de hor\u00e1rios at\u00e9 as condi\u00e7\u00f5es de trabalho dos motoristas de \u00f4nibus em Ilh\u00e9us. \u201cEu gostaria de chamar aten\u00e7\u00e3o para o risco que a popula\u00e7\u00e3o de Ilh\u00e9us corre com a falta de planejamento dos hor\u00e1rios do nosso transporte coletivo. Muitas vezes, as pessoas esperam de 30 minutos a horas&nbsp; por um \u00f4nibus e, \u00e0 noite, como a frota \u00e9 reduzida, o problema \u00e9 ainda maior, cheguei a presenciar um assalto em um ponto de \u00f4nibus essa semana\u201d, afirmou o vereador.<\/p>\n<p align=\"justify\" style=\"color: rgb(0, 0, 0); font-family: sans-serif; font-size: medium; line-height: normal; margin-top: 14pt; margin-bottom: 14pt;\">Sobre as condi\u00e7\u00f5es de trabalho dos motoristas, o edil observou que \u201cexiste tamb\u00e9m o fato de os motoristas de \u00f4nibus de Ilh\u00e9us serem obrigados a se desdobrar para cobrar as passagens al\u00e9m de dirigir, o que sobrecarrega e estressa ainda mais esses profissionais, dificultando o cumprimento dos hor\u00e1rios pr\u00e9-estabelecidos\u201d.<\/p>\n<p align=\"justify\" style=\"color: rgb(0, 0, 0); font-family: sans-serif; font-size: medium; line-height: normal; margin-top: 14pt; margin-bottom: 14pt;\">Ainda segundo Ery Bar, \u201c\u00e9 necess\u00e1rio que a C\u00e2mara Legislativa de Ilh\u00e9us interfira nessa quest\u00e3o com a ajuda de t\u00e9cnicos especializados no assunto para que possamos oferecer um transporte coletivo de melhor qualidade \u00e0 popula\u00e7\u00e3o\u201d, concluiu o vereador.<\/p>\n","protected":false},"excerpt":{"rendered":"<p>Na \u00faltima sess\u00e3o ordin\u00e1ria da C\u00e2mara Municipal de Ilh\u00e9us, ter\u00e7a-feira (14), o vereador Ery Bar externou a sua preocupa\u00e7\u00e3o em rela\u00e7\u00e3o ao transporte coletivo de Ilh\u00e9us. Durante seu discurso no plen\u00e1rio,&nbsp; Ery Bar questionou desde o planejamento de hor\u00e1rios at\u00e9 as condi\u00e7\u00f5es de trabalho dos motoristas de \u00f4nibus em Ilh\u00e9us. \u201cEu gostaria de chamar aten\u00e7\u00e3o [&hellip;]<\/p>\n","protected":false},"author":2,"featured_media":0,"comment_status":"open","ping_status":"open","sticky":false,"template":"","format":"standard","meta":{"_links_to":"","_links_to_target":""},"categories":[1],"tags":[],"_links":{"self":[{"href":"https:\/\/www.ilheusnoticias.net.br\/v1\/wp-json\/wp\/v2\/posts\/4336"}],"collection":[{"href":"https:\/\/www.ilheusnoticias.net.br\/v1\/wp-json\/wp\/v2\/posts"}],"about":[{"href":"https:\/\/www.ilheusnoticias.net.br\/v1\/wp-json\/wp\/v2\/types\/post"}],"author":[{"embeddable":true,"href":"https:\/\/www.ilheusnoticias.net.br\/v1\/wp-json\/wp\/v2\/users\/2"}],"replies":[{"embeddable":true,"href":"https:\/\/www.ilheusnoticias.net.br\/v1\/wp-json\/wp\/v2\/comments?post=4336"}],"version-history":[{"count":1,"href":"https:\/\/www.ilheusnoticias.net.br\/v1\/wp-json\/wp\/v2\/posts\/4336\/revisions"}],"predecessor-version":[{"id":4337,"href":"https:\/\/www.ilheusnoticias.net.br\/v1\/wp-json\/wp\/v2\/posts\/4336\/revisions\/4337"}],"wp:attachment":[{"href":"https:\/\/www.ilheusnoticias.net.br\/v1\/wp-json\/wp\/v2\/media?parent=4336"}],"wp:term":[{"taxonomy":"category","embeddable":true,"href":"https:\/\/www.ilheusnoticias.net.br\/v1\/wp-json\/wp\/v2\/categories?post=4336"},{"taxonomy":"post_tag","embeddable":true,"href":"https:\/\/www.ilheusnoticias.net.br\/v1\/wp-json\/wp\/v2\/tags?post=4336"}],"curies":[{"name":"wp","href":"https:\/\/api.w.org\/{rel}","templated":true}]}}