{"id":4334,"date":"2017-02-15T22:57:54","date_gmt":"2017-02-16T01:57:54","guid":{"rendered":"http:\/\/www.ilheusnoticias.net.br\/v1\/?p=4334"},"modified":"2017-02-15T22:57:54","modified_gmt":"2017-02-16T01:57:54","slug":"lukas-paiva-se-solidariza-com-ex-prefeito-jabes-ribeiro","status":"publish","type":"post","link":"https:\/\/www.ilheusnoticias.net.br\/v1\/2017\/02\/15\/lukas-paiva-se-solidariza-com-ex-prefeito-jabes-ribeiro\/","title":{"rendered":"Lukas Paiva se solidariza com ex-prefeito Jabes Ribeiro"},"content":{"rendered":"<p class=\"entry-content\" style=\"box-sizing: inherit; border: 0px; font-family: 'Noto Serif', serif; font-size: 15px; margin-right: 0px; margin-bottom: 0px; margin-left: 0px; padding: 0px 27.6875px 27.6875px; vertical-align: baseline; word-wrap: break-word; color: rgb(51, 51, 51);\"><a href=\"http:\/\/www.agravo.blog.br\/wp-content\/uploads\/2017\/02\/Vereador-Lukas-Paiva-em-discurso.jpeg\" class=\"gallery_colorbox cboxElement\"><img loading=\"lazy\" width=\"359\" height=\"315\" alt=\"\" src=\"http:\/\/www.agravo.blog.br\/wp-content\/uploads\/2017\/02\/Vereador-Lukas-Paiva-em-discurso.jpeg\" title=\"\" class=\"aligncenter size-custom wp-image-58330\"><\/a><\/p>\n<p style=\"box-sizing: inherit; border: 0px; font-family: inherit; font-style: inherit; font-weight: inherit; margin-right: 0px; margin-bottom: 1.6em; margin-left: 0px; padding: 0px; vertical-align: baseline; text-align: justify;\">Conhecido por ter sido opositor ferrenho do \u201djabismo\u201d o presidente do legislativo ilheense, Lukas Paiva, solidarizou-se com o ex-prefeito Jabes Ribeiro; que passa por tratamento para combater um c\u00e2ncer de pr\u00f3stata, anunciado na \u00faltima semana.<\/p>\n<p style=\"box-sizing: inherit; border: 0px; font-family: inherit; font-style: inherit; font-weight: inherit; margin-right: 0px; margin-bottom: 1.6em; margin-left: 0px; padding: 0px; vertical-align: baseline; text-align: justify;\">De acordo com o presidente, \u201cmesmo tendo opini\u00f5es pol\u00edticas contr\u00e1rias a do ex-gestor, nesse momento o lado humano fala mais alto, assim ofere\u00e7o a Jabes Ribeiro solidariedade, desejando que ele possa se recuperar o mais r\u00e1pido poss\u00edvel\u201d.<\/p>\n<p style=\"box-sizing: inherit; border: 0px; font-family: inherit; font-style: inherit; font-weight: inherit; margin-right: 0px; margin-bottom: 1.6em; margin-left: 0px; padding: 0px; vertical-align: baseline; text-align: justify;\">Jamil Ock\u00e9, l\u00edder da bancada do Partido Progressista (PP) na c\u00e2mara, ex-secret\u00e1rio de Desenvolvimento Social de Ilh\u00e9us, eleito pelo segundo mandato; parabenizou o presidente do legislativo pela iniciativa. Segundo ele \u201ccolocar a as diferen\u00e7as pol\u00edticas de lado para desejar a plena recupera\u00e7\u00e3o do ex-prefeito, refor\u00e7a a forma madura e democr\u00e1tica que o presidente tem conduzido as sess\u00f5es desta casa\u201d.<\/p>\n<p style=\"box-sizing: inherit; border: 0px; font-family: inherit; font-style: inherit; font-weight: inherit; margin-right: 0px; margin-bottom: 1.6em; margin-left: 0px; padding: 0px; vertical-align: baseline; text-align: justify;\">Blog Agravo<\/p>\n","protected":false},"excerpt":{"rendered":"<p>Conhecido por ter sido opositor ferrenho do \u201djabismo\u201d o presidente do legislativo ilheense, Lukas Paiva, solidarizou-se com o ex-prefeito Jabes Ribeiro; que passa por tratamento para combater um c\u00e2ncer de pr\u00f3stata, anunciado na \u00faltima semana. De acordo com o presidente, \u201cmesmo tendo opini\u00f5es pol\u00edticas contr\u00e1rias a do ex-gestor, nesse momento o lado humano fala mais [&hellip;]<\/p>\n","protected":false},"author":2,"featured_media":0,"comment_status":"open","ping_status":"open","sticky":false,"template":"","format":"standard","meta":{"_links_to":"","_links_to_target":""},"categories":[1],"tags":[],"_links":{"self":[{"href":"https:\/\/www.ilheusnoticias.net.br\/v1\/wp-json\/wp\/v2\/posts\/4334"}],"collection":[{"href":"https:\/\/www.ilheusnoticias.net.br\/v1\/wp-json\/wp\/v2\/posts"}],"about":[{"href":"https:\/\/www.ilheusnoticias.net.br\/v1\/wp-json\/wp\/v2\/types\/post"}],"author":[{"embeddable":true,"href":"https:\/\/www.ilheusnoticias.net.br\/v1\/wp-json\/wp\/v2\/users\/2"}],"replies":[{"embeddable":true,"href":"https:\/\/www.ilheusnoticias.net.br\/v1\/wp-json\/wp\/v2\/comments?post=4334"}],"version-history":[{"count":1,"href":"https:\/\/www.ilheusnoticias.net.br\/v1\/wp-json\/wp\/v2\/posts\/4334\/revisions"}],"predecessor-version":[{"id":4335,"href":"https:\/\/www.ilheusnoticias.net.br\/v1\/wp-json\/wp\/v2\/posts\/4334\/revisions\/4335"}],"wp:attachment":[{"href":"https:\/\/www.ilheusnoticias.net.br\/v1\/wp-json\/wp\/v2\/media?parent=4334"}],"wp:term":[{"taxonomy":"category","embeddable":true,"href":"https:\/\/www.ilheusnoticias.net.br\/v1\/wp-json\/wp\/v2\/categories?post=4334"},{"taxonomy":"post_tag","embeddable":true,"href":"https:\/\/www.ilheusnoticias.net.br\/v1\/wp-json\/wp\/v2\/tags?post=4334"}],"curies":[{"name":"wp","href":"https:\/\/api.w.org\/{rel}","templated":true}]}}