{"id":4322,"date":"2017-02-15T16:39:50","date_gmt":"2017-02-15T19:39:50","guid":{"rendered":"http:\/\/www.ilheusnoticias.net.br\/v1\/?p=4322"},"modified":"2017-02-15T16:39:50","modified_gmt":"2017-02-15T19:39:50","slug":"confira-a-lista-de-classificacao-final-dos-professores-temporarios-selecionados","status":"publish","type":"post","link":"https:\/\/www.ilheusnoticias.net.br\/v1\/2017\/02\/15\/confira-a-lista-de-classificacao-final-dos-professores-temporarios-selecionados\/","title":{"rendered":"CONFIRA A LISTA DE CLASSIFICAC\u00c3O FINAL DOS PROFESSORES TEMPOR\u00c1RIOS SELECIONADOS"},"content":{"rendered":"<p>\u200b<span style=\"font-size: 12pt; font-family: arial, sans-serif; color: rgb(0, 0, 0); line-height: normal;\">A Prefeitura de Ilh\u00e9us publicou, nesta ter\u00e7a-feira, 14, no Di\u00e1rio Oficial do Munic\u00edpio, a classifica\u00e7\u00e3o final para a contrata\u00e7\u00e3o emergencial e tempor\u00e1ria de professores e int\u00e9rpretes de libras substitutos, conforme edital n\u00famero 001\/2017, para preencher vagas na Secretaria de Educa\u00e7\u00e3o.<\/span><\/p>\n<p align=\"justify\" style=\"color: rgb(0, 0, 0); font-family: sans-serif; font-size: medium; line-height: normal; margin-top: 14pt; margin-bottom: 0px;\"><font face=\"arial,sans-serif\" size=\"3\"><span style=\"font-size: 12pt;\">De acordo com a ata da sele\u00e7\u00e3o de pessoal, a Comiss\u00e3o nomeada pela Portaria 036\/2017, reuniu-se para an\u00e1lise de curr\u00edculo de todos os candidatos, e tamb\u00e9m para entrevistas com candidatos a Int\u00e9rprete de Libras, ocorrida no dia 7 deste m\u00eas, e procedeu a sele\u00e7\u00e3o de 201 profissionais que atingiram pontua\u00e7\u00e3o a partir de 3,5 pontos.<\/span><\/font><\/p>\n<p align=\"justify\" style=\"color: rgb(0, 0, 0); font-family: sans-serif; font-size: medium; line-height: normal; margin-top: 14pt; margin-bottom: 0px;\"><font face=\"arial,sans-serif\" size=\"3\"><span style=\"font-size: 12pt;\">O contrato \u00e9 v\u00e1lido pelo prazo de um ano, a contar da data de assinatura do contrato, podendo ser prorrogado apenas uma vez, por igual per\u00edodo. Foram classificados professores para atuar na Educa\u00e7\u00e3o Infantil Anos Iniciais, para as zonas urbana e rural do Munic\u00edpio, e para os Anos Finais, tamb\u00e9m nas zonas urbana e rural.<\/span><\/font><\/p>\n<p align=\"justify\" style=\"color: rgb(0, 0, 0); font-family: sans-serif; font-size: medium; line-height: normal; margin-top: 14pt; margin-bottom: 0px;\"><font face=\"arial,sans-serif\" size=\"3\"><span style=\"font-size: 12pt;\">&nbsp;<\/span><\/font><\/p>\n<p align=\"justify\" style=\"color: rgb(0, 0, 0); font-family: sans-serif; font-size: medium; line-height: normal; margin-top: 14pt; margin-bottom: 0px;\">\n<p style=\"color: rgb(0, 0, 0); font-family: sans-serif; font-size: medium; line-height: normal; margin-top: 14pt; margin-bottom: 14pt;\"><font face=\"arial,sans-serif\" size=\"3\"><span style=\"font-size: 12pt;\">Consulte a classifica\u00e7\u00e3o dos selecionados no link&nbsp;<\/span><\/font><a href=\"http:\/\/migre.me\/w414G\"><font face=\"arial,sans-serif\" size=\"3\"><span style=\"font-size: 12pt;\">http:\/\/migre.me\/w414G<\/span><\/font><\/a><font face=\"arial,sans-serif\" size=\"3\"><span style=\"font-size: 12pt;\">&nbsp; &nbsp;<\/span><\/font>&nbsp;<\/p>\n<p><span style=\"color: rgb(0, 0, 0); font-family: sans-serif; font-size: medium; line-height: normal;\">&nbsp;<\/span><\/p>\n","protected":false},"excerpt":{"rendered":"<p>\u200bA Prefeitura de Ilh\u00e9us publicou, nesta ter\u00e7a-feira, 14, no Di\u00e1rio Oficial do Munic\u00edpio, a classifica\u00e7\u00e3o final para a contrata\u00e7\u00e3o emergencial e tempor\u00e1ria de professores e int\u00e9rpretes de libras substitutos, conforme edital n\u00famero 001\/2017, para preencher vagas na Secretaria de Educa\u00e7\u00e3o. De acordo com a ata da sele\u00e7\u00e3o de pessoal, a Comiss\u00e3o nomeada pela Portaria 036\/2017, [&hellip;]<\/p>\n","protected":false},"author":2,"featured_media":0,"comment_status":"open","ping_status":"open","sticky":false,"template":"","format":"standard","meta":{"_links_to":"","_links_to_target":""},"categories":[1],"tags":[],"_links":{"self":[{"href":"https:\/\/www.ilheusnoticias.net.br\/v1\/wp-json\/wp\/v2\/posts\/4322"}],"collection":[{"href":"https:\/\/www.ilheusnoticias.net.br\/v1\/wp-json\/wp\/v2\/posts"}],"about":[{"href":"https:\/\/www.ilheusnoticias.net.br\/v1\/wp-json\/wp\/v2\/types\/post"}],"author":[{"embeddable":true,"href":"https:\/\/www.ilheusnoticias.net.br\/v1\/wp-json\/wp\/v2\/users\/2"}],"replies":[{"embeddable":true,"href":"https:\/\/www.ilheusnoticias.net.br\/v1\/wp-json\/wp\/v2\/comments?post=4322"}],"version-history":[{"count":1,"href":"https:\/\/www.ilheusnoticias.net.br\/v1\/wp-json\/wp\/v2\/posts\/4322\/revisions"}],"predecessor-version":[{"id":4323,"href":"https:\/\/www.ilheusnoticias.net.br\/v1\/wp-json\/wp\/v2\/posts\/4322\/revisions\/4323"}],"wp:attachment":[{"href":"https:\/\/www.ilheusnoticias.net.br\/v1\/wp-json\/wp\/v2\/media?parent=4322"}],"wp:term":[{"taxonomy":"category","embeddable":true,"href":"https:\/\/www.ilheusnoticias.net.br\/v1\/wp-json\/wp\/v2\/categories?post=4322"},{"taxonomy":"post_tag","embeddable":true,"href":"https:\/\/www.ilheusnoticias.net.br\/v1\/wp-json\/wp\/v2\/tags?post=4322"}],"curies":[{"name":"wp","href":"https:\/\/api.w.org\/{rel}","templated":true}]}}