{"id":4318,"date":"2017-02-15T13:20:19","date_gmt":"2017-02-15T16:20:19","guid":{"rendered":"http:\/\/www.ilheusnoticias.net.br\/v1\/?p=4318"},"modified":"2017-02-15T13:20:19","modified_gmt":"2017-02-15T16:20:19","slug":"ilheus-postos-de-combustiveis-devem-iniciar-licenciamento-ambiental-ate-28-de-fevereiro","status":"publish","type":"post","link":"https:\/\/www.ilheusnoticias.net.br\/v1\/2017\/02\/15\/ilheus-postos-de-combustiveis-devem-iniciar-licenciamento-ambiental-ate-28-de-fevereiro\/","title":{"rendered":"Ilh\u00e9us: postos de combust\u00edveis devem iniciar licenciamento ambiental at\u00e9 28 de fevereiro"},"content":{"rendered":"<p>\u200b<span style=\"font-size: 12pt; font-family: verdana, sans-serif; color: rgb(0, 0, 0); line-height: normal;\">A Prefeitura de Ilh\u00e9us alerta aos propriet\u00e1rios de postos de combust\u00edveis no munic\u00edpio sobre o prazo para a regulariza\u00e7\u00e3o das licen\u00e7as ambientais necess\u00e1rias a esses estabelecimentos comerciais. Para iniciar o processo de licenciamento, os respectivos respons\u00e1veis devem comparecer \u00e0 Superintend\u00eancia do Meio Ambiente at\u00e9 o pr\u00f3ximo dia 28 de fevereiro.<\/span><\/p>\n<p align=\"justify\" style=\"color: rgb(0, 0, 0); font-family: sans-serif; font-size: medium; line-height: normal; margin-top: 14pt; margin-bottom: 14pt;\"><font face=\"verdana,sans-serif\" size=\"3\"><span style=\"font-size: 12pt;\">A Superintend\u00eancia do Meio Ambiente \u00e9 um \u00f3rg\u00e3o da Secretaria Municipal de Planejamento e Desenvolvimento Sustent\u00e1vel, localizada na Pra\u00e7a Ant\u00f4nio Viana, bairro Cidade Nova, no centro, pr\u00f3ximo ao F\u00f3rum Epaminondas Berbert de Castro.<\/span><\/font><\/p>\n<p align=\"justify\" style=\"color: rgb(0, 0, 0); font-family: sans-serif; font-size: medium; line-height: normal; margin-top: 14pt; margin-bottom: 14pt;\"><font face=\"verdana,sans-serif\" size=\"3\"><span style=\"font-size: 12pt;\">De acordo com o \u00f3rg\u00e3o, a venda de combust\u00edveis requer monitoramento da qualidade do solo e dos recursos h\u00eddricos das \u00e1reas de influ\u00eancia dos postos. Em Ilh\u00e9us, o licenciamento \u00e9 feito conforme conv\u00eanio firmado com o Estado da Bahia, por meio do plano de gest\u00e3o ambiental compartilhada.<\/span><\/font><\/p>\n<p align=\"justify\" style=\"color: rgb(0, 0, 0); font-family: sans-serif; font-size: medium; line-height: normal; margin-top: 14pt; margin-bottom: 14pt;\"><font face=\"verdana,sans-serif\" size=\"3\"><span style=\"font-size: 12pt;\">Vale salientar que, caso n\u00e3o regularizem as licen\u00e7as ambientais, os empres\u00e1rios poder\u00e3o ser notificados e sofrer puni\u00e7\u00f5es. A superintend\u00eancia tamb\u00e9m enviar\u00e1 as notifica\u00e7\u00f5es \u00e0 Ag\u00eancia Nacional de Petr\u00f3leo (ANP).&nbsp;&nbsp;&nbsp;&nbsp;&nbsp;&nbsp;&nbsp;<\/span><\/font><\/p>\n<p align=\"justify\" style=\"color: rgb(0, 0, 0); font-family: sans-serif; font-size: medium; line-height: normal; margin-top: 14pt; margin-bottom: 14pt;\"><font face=\"verdana,sans-serif\" size=\"3\"><span style=\"font-size: 12pt;\">&nbsp;<\/span><\/font><\/p>\n","protected":false},"excerpt":{"rendered":"<p>\u200bA Prefeitura de Ilh\u00e9us alerta aos propriet\u00e1rios de postos de combust\u00edveis no munic\u00edpio sobre o prazo para a regulariza\u00e7\u00e3o das licen\u00e7as ambientais necess\u00e1rias a esses estabelecimentos comerciais. Para iniciar o processo de licenciamento, os respectivos respons\u00e1veis devem comparecer \u00e0 Superintend\u00eancia do Meio Ambiente at\u00e9 o pr\u00f3ximo dia 28 de fevereiro. A Superintend\u00eancia do Meio Ambiente [&hellip;]<\/p>\n","protected":false},"author":2,"featured_media":0,"comment_status":"open","ping_status":"open","sticky":false,"template":"","format":"standard","meta":{"_links_to":"","_links_to_target":""},"categories":[1],"tags":[],"_links":{"self":[{"href":"https:\/\/www.ilheusnoticias.net.br\/v1\/wp-json\/wp\/v2\/posts\/4318"}],"collection":[{"href":"https:\/\/www.ilheusnoticias.net.br\/v1\/wp-json\/wp\/v2\/posts"}],"about":[{"href":"https:\/\/www.ilheusnoticias.net.br\/v1\/wp-json\/wp\/v2\/types\/post"}],"author":[{"embeddable":true,"href":"https:\/\/www.ilheusnoticias.net.br\/v1\/wp-json\/wp\/v2\/users\/2"}],"replies":[{"embeddable":true,"href":"https:\/\/www.ilheusnoticias.net.br\/v1\/wp-json\/wp\/v2\/comments?post=4318"}],"version-history":[{"count":1,"href":"https:\/\/www.ilheusnoticias.net.br\/v1\/wp-json\/wp\/v2\/posts\/4318\/revisions"}],"predecessor-version":[{"id":4319,"href":"https:\/\/www.ilheusnoticias.net.br\/v1\/wp-json\/wp\/v2\/posts\/4318\/revisions\/4319"}],"wp:attachment":[{"href":"https:\/\/www.ilheusnoticias.net.br\/v1\/wp-json\/wp\/v2\/media?parent=4318"}],"wp:term":[{"taxonomy":"category","embeddable":true,"href":"https:\/\/www.ilheusnoticias.net.br\/v1\/wp-json\/wp\/v2\/categories?post=4318"},{"taxonomy":"post_tag","embeddable":true,"href":"https:\/\/www.ilheusnoticias.net.br\/v1\/wp-json\/wp\/v2\/tags?post=4318"}],"curies":[{"name":"wp","href":"https:\/\/api.w.org\/{rel}","templated":true}]}}