{"id":4251,"date":"2017-02-13T13:31:52","date_gmt":"2017-02-13T16:31:52","guid":{"rendered":"http:\/\/www.ilheusnoticias.net.br\/v1\/?p=4251"},"modified":"2017-02-13T13:31:52","modified_gmt":"2017-02-13T16:31:52","slug":"ibicarai-escola-ramiro-berbert-castro-abre-vagas-para-turma-de-aceleracao","status":"publish","type":"post","link":"https:\/\/www.ilheusnoticias.net.br\/v1\/2017\/02\/13\/ibicarai-escola-ramiro-berbert-castro-abre-vagas-para-turma-de-aceleracao\/","title":{"rendered":"Ibicara\u00ed: Escola Ramiro Berbert Castro abre vagas para turma de acelera\u00e7\u00e3o"},"content":{"rendered":"<p class=\"x_MsoNormal\">A prefeitura de Ibicara\u00ed, atrav\u00e9s da Secretaria de Educa\u00e7\u00e3o, abriu vagas, na Escola Municipal Ramiro Berbert Castro, no distrito de Salom\u00e9ia, para o programa de acelera\u00e7\u00e3o (EJA) do 6\u00ba e 7\u00ba ano. Segundo a vice-prefeita e secret\u00e1ria de Educa\u00e7\u00e3o, Adriana Assis, a disponibilidade \u00e9 para turmas no turno vespertino.<\/p>\n<p class=\"x_MsoNormal\">As matr\u00edculas tiveram in\u00edcio no dia 10 do m\u00eas passado e seguem at\u00e9 esta sexta-feira, dia 17. Os interessados em realizar a<span class=\"x_gmail-apple-converted-space\">\u00a0<\/span><span class=\"x_gmail-il\">matr\u00edcula no programa<\/span> devem se dirigir at\u00e9 a secretaria da unidade e apresentar o hist\u00f3rico escolar original, certid\u00e3o de nascimento ou casamento e 02 fotografias 3&#215;4. J\u00e1 os que querem realizar a matr\u00edcula na Educa\u00e7\u00e3o Infantil e Ensino Fundamental devem apresentar o hist\u00f3rico escolar original, certid\u00e3o de nascimento ou casamento (Xerox), 02 fotografias 3&#215;4, cart\u00e3o de vacina\u00e7\u00e3o da crian\u00e7a atualizado, cart\u00e3o bolsa fam\u00edlia para benefici\u00e1rios do programa e cart\u00e3o SUS.<\/p>\n<p class=\"x_MsoNormal\">\n","protected":false},"excerpt":{"rendered":"<p>A prefeitura de Ibicara\u00ed, atrav\u00e9s da Secretaria de Educa\u00e7\u00e3o, abriu vagas, na Escola Municipal Ramiro Berbert Castro, no distrito de Salom\u00e9ia, para o programa de acelera\u00e7\u00e3o (EJA) do 6\u00ba e 7\u00ba ano. Segundo a vice-prefeita e secret\u00e1ria de Educa\u00e7\u00e3o, Adriana Assis, a disponibilidade \u00e9 para turmas no turno vespertino. As matr\u00edculas tiveram in\u00edcio no dia [&hellip;]<\/p>\n","protected":false},"author":2,"featured_media":0,"comment_status":"open","ping_status":"open","sticky":false,"template":"","format":"standard","meta":{"_links_to":"","_links_to_target":""},"categories":[1],"tags":[],"_links":{"self":[{"href":"https:\/\/www.ilheusnoticias.net.br\/v1\/wp-json\/wp\/v2\/posts\/4251"}],"collection":[{"href":"https:\/\/www.ilheusnoticias.net.br\/v1\/wp-json\/wp\/v2\/posts"}],"about":[{"href":"https:\/\/www.ilheusnoticias.net.br\/v1\/wp-json\/wp\/v2\/types\/post"}],"author":[{"embeddable":true,"href":"https:\/\/www.ilheusnoticias.net.br\/v1\/wp-json\/wp\/v2\/users\/2"}],"replies":[{"embeddable":true,"href":"https:\/\/www.ilheusnoticias.net.br\/v1\/wp-json\/wp\/v2\/comments?post=4251"}],"version-history":[{"count":1,"href":"https:\/\/www.ilheusnoticias.net.br\/v1\/wp-json\/wp\/v2\/posts\/4251\/revisions"}],"predecessor-version":[{"id":4252,"href":"https:\/\/www.ilheusnoticias.net.br\/v1\/wp-json\/wp\/v2\/posts\/4251\/revisions\/4252"}],"wp:attachment":[{"href":"https:\/\/www.ilheusnoticias.net.br\/v1\/wp-json\/wp\/v2\/media?parent=4251"}],"wp:term":[{"taxonomy":"category","embeddable":true,"href":"https:\/\/www.ilheusnoticias.net.br\/v1\/wp-json\/wp\/v2\/categories?post=4251"},{"taxonomy":"post_tag","embeddable":true,"href":"https:\/\/www.ilheusnoticias.net.br\/v1\/wp-json\/wp\/v2\/tags?post=4251"}],"curies":[{"name":"wp","href":"https:\/\/api.w.org\/{rel}","templated":true}]}}