{"id":4249,"date":"2017-02-13T13:13:23","date_gmt":"2017-02-13T16:13:23","guid":{"rendered":"http:\/\/www.ilheusnoticias.net.br\/v1\/?p=4249"},"modified":"2017-02-13T13:13:23","modified_gmt":"2017-02-13T16:13:23","slug":"morre-o-jornalista-jose-adervam","status":"publish","type":"post","link":"https:\/\/www.ilheusnoticias.net.br\/v1\/2017\/02\/13\/morre-o-jornalista-jose-adervam\/","title":{"rendered":"Morre o Jornalista  Jos\u00e9 Adervam"},"content":{"rendered":"<h2 class=\"PostHeaderIcon-wrapper\"><span class=\"PostHeader\">\u00a0<\/span><\/h2>\n<div class=\"PostContent\">\n<div id=\"attachment_58202\" class=\"wp-caption aligncenter\" style=\"width: 383px;\"><img loading=\"lazy\" class=\" wp-image-58202\" src=\"http:\/\/www.agravo.blog.br\/wp-content\/uploads\/2017\/02\/adervan-ok.jpg\" sizes=\"(max-width: 230px) 100vw, 230px\" srcset=\"http:\/\/www.agravo.blog.br\/wp-content\/uploads\/2017\/02\/adervan-ok.jpg 316w, http:\/\/www.agravo.blog.br\/wp-content\/uploads\/2017\/02\/adervan-ok-270x300.jpg 270w\" alt=\"\" width=\"373\" height=\"414\" \/><\/div>\n<\/div>\n<p class=\"wp-caption-text\">\n<p class=\"wp-caption-text\">\n<div class=\"PostContent\">\n<p>Faleceu na tarde do domingo (12), no hospital Calixto Midlej Filho, em Itabuna, o jornalista Jos\u00e9 Adervan de Oliveira, fundador do jornal Agora. Aos 74 anos, ele lutava contra um c\u00e2ncer.<\/p>\n<p>Considerado um dos jornalistas mais influentes da regi\u00e3o, Adervan tamb\u00e9m era um amante da pol\u00edtica, e chegou a militar no PSDB, e se candidatar a prefeito de Itabuna. Aposentado pelo Banco do Brasil, Adervan mantinha uma coluna di\u00e1ria no Agora, onde trabalhou e foi administrador mesmo durante a doen\u00e7a.<\/p>\n<p>O corpo do jornalista ser\u00e1 sepultado hoje (13), as 20h, no cemit\u00e9rio Campo Santo, em Itabuna.<\/p>\n<div>\n<div id=\"___plusone_5\"><\/div>\n<\/div>\n<div class=\"fb-like fb_iframe_widget\" data-action=\"\" data-send=\"false\" data-layout=\"button_count\" data-show-faces=\"false\" data-href=\"http:\/\/www.agravo.blog.br\/2017\/02\/13\/morre-o-jornalista-jose-adervan\/\"><\/div>\n<p>Informa\u00e7\u00f5es Blog Agravo<\/p><\/div>\n","protected":false},"excerpt":{"rendered":"<p>\u00a0 Faleceu na tarde do domingo (12), no hospital Calixto Midlej Filho, em Itabuna, o jornalista Jos\u00e9 Adervan de Oliveira, fundador do jornal Agora. Aos 74 anos, ele lutava contra um c\u00e2ncer. Considerado um dos jornalistas mais influentes da regi\u00e3o, Adervan tamb\u00e9m era um amante da pol\u00edtica, e chegou a militar no PSDB, e se [&hellip;]<\/p>\n","protected":false},"author":2,"featured_media":0,"comment_status":"open","ping_status":"open","sticky":false,"template":"","format":"standard","meta":{"_links_to":"","_links_to_target":""},"categories":[1],"tags":[],"_links":{"self":[{"href":"https:\/\/www.ilheusnoticias.net.br\/v1\/wp-json\/wp\/v2\/posts\/4249"}],"collection":[{"href":"https:\/\/www.ilheusnoticias.net.br\/v1\/wp-json\/wp\/v2\/posts"}],"about":[{"href":"https:\/\/www.ilheusnoticias.net.br\/v1\/wp-json\/wp\/v2\/types\/post"}],"author":[{"embeddable":true,"href":"https:\/\/www.ilheusnoticias.net.br\/v1\/wp-json\/wp\/v2\/users\/2"}],"replies":[{"embeddable":true,"href":"https:\/\/www.ilheusnoticias.net.br\/v1\/wp-json\/wp\/v2\/comments?post=4249"}],"version-history":[{"count":1,"href":"https:\/\/www.ilheusnoticias.net.br\/v1\/wp-json\/wp\/v2\/posts\/4249\/revisions"}],"predecessor-version":[{"id":4250,"href":"https:\/\/www.ilheusnoticias.net.br\/v1\/wp-json\/wp\/v2\/posts\/4249\/revisions\/4250"}],"wp:attachment":[{"href":"https:\/\/www.ilheusnoticias.net.br\/v1\/wp-json\/wp\/v2\/media?parent=4249"}],"wp:term":[{"taxonomy":"category","embeddable":true,"href":"https:\/\/www.ilheusnoticias.net.br\/v1\/wp-json\/wp\/v2\/categories?post=4249"},{"taxonomy":"post_tag","embeddable":true,"href":"https:\/\/www.ilheusnoticias.net.br\/v1\/wp-json\/wp\/v2\/tags?post=4249"}],"curies":[{"name":"wp","href":"https:\/\/api.w.org\/{rel}","templated":true}]}}