{"id":4187,"date":"2017-02-09T17:10:42","date_gmt":"2017-02-09T20:10:42","guid":{"rendered":"http:\/\/www.ilheusnoticias.net.br\/v1\/?p=4187"},"modified":"2017-02-09T17:10:42","modified_gmt":"2017-02-09T20:10:42","slug":"prefeito-de-ilheus-pede-em-brasilia-liberacao-de-recursos-para-obras-paralisadas-na-area-de-educacao","status":"publish","type":"post","link":"https:\/\/www.ilheusnoticias.net.br\/v1\/2017\/02\/09\/prefeito-de-ilheus-pede-em-brasilia-liberacao-de-recursos-para-obras-paralisadas-na-area-de-educacao\/","title":{"rendered":"Prefeito de Ilh\u00e9us pede, em Bras\u00edlia, libera\u00e7\u00e3o de  recursos para obras paralisadas na \u00e1rea de Educa\u00e7\u00e3o"},"content":{"rendered":"<p class=\"x_MsoNormal\">\n<p class=\"x_MsoNormal\"><img loading=\"lazy\" class=\"aligncenter\" src=\"https:\/\/attachment.outlook.office.net\/owa\/laudiceacarvalho62@hotmail.com\/service.svc\/s\/GetAttachmentThumbnail?id=AQMkADAwATYwMAItY2MANTgtODQxNC0wMAItMDAKAEYAAANqOYr2uMN4Qoz6pFp%2FhFoeBwAsxvM0hWqyT6EfSeQ8%2BPgA8AAAAgEMAAAALMbzNIVqsk%2BhH0nkPPj4APAAAAB2BWI%2BAAAAARIAEAClkEZ3ohZLTaRJvAIcKo3w&amp;thumbnailType=2&amp;X-OWA-CANARY=Jlj5orHxXEyKBHu2rDiO_xB0-ncnUdQYbSjZePBn9ZoPMpOn9_unsz8SwCL3mkFIZa60KsfbfAQ.&amp;token=9ffd6c94-ef01-4a84-b896-e00904e0fc7e&amp;owa=outlook.live.com&amp;isc=1\" alt=\"\" width=\"584\" height=\"377\" \/><\/p>\n<p class=\"x_MsoNormal\">\n<p class=\"x_MsoNormal\">O prefeito de Ilh\u00e9us, M\u00e1rio Alexandre, participou de uma reuni\u00e3o, na noite de ontem, 08, em Bras\u00edlia, com o presidente de FNDE (Fundo Nacional de Desenvolvimento da Educa\u00e7\u00e3o), Silvio Pinheiro, com o objetivo de encontrar solu\u00e7\u00f5es para as obras que est\u00e3o paralisadas no munic\u00edpio, desde as gest\u00f5es anteriores. O encontro contou com a participa\u00e7\u00e3o do deputado federal Paulo Magalh\u00e3es, do Procurador-Geral, Fabiano Resende, e do secret\u00e1rio de Infraestrutura, Transportes e Tr\u00e2nsito, Hermano Fahning.<\/p>\n<p class=\"x_MsoNormal\">\n<p class=\"x_MsoNormal\"><!--more--><\/p>\n<p class=\"x_MsoNormal\">O principal intuito do prefeito \u00e9 o resgate de obras paralisadas na \u00e1rea da educa\u00e7\u00e3o, cujos recursos do Fundo foram liberados, anteriormente, para a constru\u00e7\u00e3o de seis quadras poliesportivas cobertas (Teot\u00f4nio Viela, Alto do Bas\u00edlio, S\u00e3o Jos\u00e9 e Aritagu\u00e1), uma escola (Vila L\u00eddia) e quatro creches (Bairros Esperan\u00e7a, Banco da Vit\u00f3ria, Malhado e Teot\u00f4nio Vilela), mas que, no momento, encontram-se todas estacionadas. Essas obras foram iniciadas nos governos dos prefeitos Newton Lima (2012) e Jabes Ribeiro (2014), e est\u00e3o inacabadas.<\/p>\n<p class=\"x_MsoNormal\">\u00a0O prefeito M\u00e1rio Alexandre comemora o resultado positivo da viagem quanto ao resgate de recursos para as obras das quadras poliesportivas. \u201cConseguimos resgatar o recurso para as quadras, e estamos lutando para a recupera\u00e7\u00e3o tamb\u00e9m da escola e creches, para que possamos retomar essas obras e fortalecer, assim, o atendimento em Educa\u00e7\u00e3o\u201d, afirmou.<\/p>\n<p class=\"x_MsoNormal\">\u00a0As obras de constru\u00e7\u00e3o de quadras, creches e de uma escola s\u00e3o de import\u00e2ncia vital para o fortalecimento do atendimento em educa\u00e7\u00e3o e esportes no munic\u00edpio de Ilh\u00e9us, \u201cpois possuem grande valor para toda sociedade, uma vez que a educa\u00e7\u00e3o \u00e9 a porta principal para melhores condi\u00e7\u00f5es de vida, e elas v\u00eam aliadas \u00e0 pr\u00e1tica de esporte, que ajuda a prevenir doen\u00e7as e melhorar as condi\u00e7\u00f5es ps\u00edquicas e de conv\u00edvio social. Por isso estamos nessa luta constante para termos uma cidade melhor e, com certeza, conseguiremos com muita f\u00e9 e trabalho\u201d, concluiu o prefeito.<\/p>\n<p class=\"x_MsoNormal\">\n","protected":false},"excerpt":{"rendered":"<p>O prefeito de Ilh\u00e9us, M\u00e1rio Alexandre, participou de uma reuni\u00e3o, na noite de ontem, 08, em Bras\u00edlia, com o presidente de FNDE (Fundo Nacional de Desenvolvimento da Educa\u00e7\u00e3o), Silvio Pinheiro, com o objetivo de encontrar solu\u00e7\u00f5es para as obras que est\u00e3o paralisadas no munic\u00edpio, desde as gest\u00f5es anteriores. O encontro contou com a participa\u00e7\u00e3o do [&hellip;]<\/p>\n","protected":false},"author":2,"featured_media":0,"comment_status":"open","ping_status":"open","sticky":false,"template":"","format":"standard","meta":{"_links_to":"","_links_to_target":""},"categories":[1],"tags":[],"_links":{"self":[{"href":"https:\/\/www.ilheusnoticias.net.br\/v1\/wp-json\/wp\/v2\/posts\/4187"}],"collection":[{"href":"https:\/\/www.ilheusnoticias.net.br\/v1\/wp-json\/wp\/v2\/posts"}],"about":[{"href":"https:\/\/www.ilheusnoticias.net.br\/v1\/wp-json\/wp\/v2\/types\/post"}],"author":[{"embeddable":true,"href":"https:\/\/www.ilheusnoticias.net.br\/v1\/wp-json\/wp\/v2\/users\/2"}],"replies":[{"embeddable":true,"href":"https:\/\/www.ilheusnoticias.net.br\/v1\/wp-json\/wp\/v2\/comments?post=4187"}],"version-history":[{"count":1,"href":"https:\/\/www.ilheusnoticias.net.br\/v1\/wp-json\/wp\/v2\/posts\/4187\/revisions"}],"predecessor-version":[{"id":4188,"href":"https:\/\/www.ilheusnoticias.net.br\/v1\/wp-json\/wp\/v2\/posts\/4187\/revisions\/4188"}],"wp:attachment":[{"href":"https:\/\/www.ilheusnoticias.net.br\/v1\/wp-json\/wp\/v2\/media?parent=4187"}],"wp:term":[{"taxonomy":"category","embeddable":true,"href":"https:\/\/www.ilheusnoticias.net.br\/v1\/wp-json\/wp\/v2\/categories?post=4187"},{"taxonomy":"post_tag","embeddable":true,"href":"https:\/\/www.ilheusnoticias.net.br\/v1\/wp-json\/wp\/v2\/tags?post=4187"}],"curies":[{"name":"wp","href":"https:\/\/api.w.org\/{rel}","templated":true}]}}