{"id":4178,"date":"2017-02-09T14:25:41","date_gmt":"2017-02-09T17:25:41","guid":{"rendered":"http:\/\/www.ilheusnoticias.net.br\/v1\/?p=4178"},"modified":"2017-02-09T14:25:41","modified_gmt":"2017-02-09T17:25:41","slug":"rui-recebe-prefeito-de-varzea-nova-e-anuncia-recuperacao-da-ba-144","status":"publish","type":"post","link":"https:\/\/www.ilheusnoticias.net.br\/v1\/2017\/02\/09\/rui-recebe-prefeito-de-varzea-nova-e-anuncia-recuperacao-da-ba-144\/","title":{"rendered":"Rui recebe prefeito de V\u00e1rzea Nova e anuncia recupera\u00e7\u00e3o da BA-144"},"content":{"rendered":"<div>\n<a href=\"http:\/\/www.ilheusnoticias.net.br\/v1\/wp-content\/uploads\/2017\/02\/Rui2c-pref-Jo\u00e3o-Hebert2c-deputado-Alex-Lima.jpeg\" rel=\"attachment wp-att-4179\"><img loading=\"lazy\" class=\"aligncenter size-medium wp-image-4179\" src=\"http:\/\/www.ilheusnoticias.net.br\/v1\/wp-content\/uploads\/2017\/02\/Rui2c-pref-Jo\u00e3o-Hebert2c-deputado-Alex-Lima-300x200.jpeg\" alt=\"Rui pref Jo\u00e3o Hebert deputado Alex Lima\" width=\"300\" height=\"200\" srcset=\"https:\/\/www.ilheusnoticias.net.br\/v1\/wp-content\/uploads\/2017\/02\/Rui2c-pref-Jo\u00e3o-Hebert2c-deputado-Alex-Lima-300x200.jpeg 300w, https:\/\/www.ilheusnoticias.net.br\/v1\/wp-content\/uploads\/2017\/02\/Rui2c-pref-Jo\u00e3o-Hebert2c-deputado-Alex-Lima-1024x682.jpeg 1024w, https:\/\/www.ilheusnoticias.net.br\/v1\/wp-content\/uploads\/2017\/02\/Rui2c-pref-Jo\u00e3o-Hebert2c-deputado-Alex-Lima.jpeg 1280w\" sizes=\"(max-width: 300px) 100vw, 300px\" \/><\/a><br \/>\nEst\u00e1 assegurada a realiza\u00e7\u00e3o de obras pelo Governo do Estado na BA-144. A garantia foi dada pelo governador Rui Costa, nesta quarta-feira (8), durante reuni\u00e3o, em Salvador, com o prefeito de V\u00e1rzea Nova, Jo\u00e3o Hebert Ara\u00fajo da Silva, o Jo\u00e3ozinho, e o deputado Alex Lima. \u201cDeterminei a realiza\u00e7\u00e3o do trabalho de manuten\u00e7\u00e3o da rodovia, no trecho entre V\u00e1rzea Nova e Jacobina, e vou acompanhar de perto a execu\u00e7\u00e3o desse trabalho pela [Secretaria de Infraestrutura] Seinfra\u201d, afirmou o governador.<\/p>\n<p>Rui acrescentou que a programa\u00e7\u00e3o do Governo do Estado para 2017 \u00e9 realizar um investimento de R$ 700 milh\u00f5es para as a\u00e7\u00f5es de infraestrutura e transportes. \u201cNo final do ano passado foi finalizado o processo licitat\u00f3rio de manuten\u00e7\u00e3o para os mais de 18 mil km de rodovias da Bahia\u201d, completou Rui.<\/p><\/div>\n<div><\/div>\n<div><!--more--><br \/>\nDe acordo com o secret\u00e1rio estadual da Infraestrutura, Marcus Cavalcanti, \u201ca secretaria j\u00e1 assinou os contratos com as empresas que ganharam a licita\u00e7\u00e3o e estamos aguardando a assinatura da ordem de servi\u00e7o para que as interven\u00e7\u00f5es comecem. A previs\u00e3o \u00e9 de que as obras tenham in\u00edcio at\u00e9 mar\u00e7o. Al\u00e9m do trecho citado, ser\u00e3o feitos servi\u00e7os no entorno como, Miguel Calmon, Serrol\u00e2ndia, V\u00e1rzea do Po\u00e7o e Mundo Novo&#8221;.<\/p>\n<p>Tamb\u00e9m est\u00e1 em andamento os projetos para a recupera\u00e7\u00e3o de mais de dois mil quil\u00f4metros de estradas. Os servi\u00e7os ser\u00e3o realizados atrav\u00e9s do Programa de Restaura\u00e7\u00e3o e Manuten\u00e7\u00e3o de Rodovias (PREMAR II), que tem o objetivo de melhorar a efici\u00eancia e seguran\u00e7a dos transportes e da log\u00edstica no Estado. Entre as vias que passar\u00e3o por obras, est\u00e1 a Estrada do Feij\u00e3o (BA-052) com seus 459,20 km de extens\u00e3o;\u00a0 a de Irec\u00ea (BA-052) at\u00e9 a BR-242, passando por Segredo, com 139,07 km de extens\u00e3o; al\u00e9m da BA-210, de Paulo Afonso a Juazeiro, passando por Cura\u00e7a, que tem 371,66 km de extens\u00e3o. A previs\u00e3o \u00e9 de que os servi\u00e7os tenham in\u00edcio ainda no primeiro semestre deste ano.<\/p><\/div>\n<p>&nbsp;<\/p>\n<p>&nbsp;<\/p>\n","protected":false},"excerpt":{"rendered":"<p>Est\u00e1 assegurada a realiza\u00e7\u00e3o de obras pelo Governo do Estado na BA-144. A garantia foi dada pelo governador Rui Costa, nesta quarta-feira (8), durante reuni\u00e3o, em Salvador, com o prefeito de V\u00e1rzea Nova, Jo\u00e3o Hebert Ara\u00fajo da Silva, o Jo\u00e3ozinho, e o deputado Alex Lima. \u201cDeterminei a realiza\u00e7\u00e3o do trabalho de manuten\u00e7\u00e3o da rodovia, no [&hellip;]<\/p>\n","protected":false},"author":2,"featured_media":0,"comment_status":"open","ping_status":"open","sticky":false,"template":"","format":"standard","meta":{"_links_to":"","_links_to_target":""},"categories":[7],"tags":[450],"_links":{"self":[{"href":"https:\/\/www.ilheusnoticias.net.br\/v1\/wp-json\/wp\/v2\/posts\/4178"}],"collection":[{"href":"https:\/\/www.ilheusnoticias.net.br\/v1\/wp-json\/wp\/v2\/posts"}],"about":[{"href":"https:\/\/www.ilheusnoticias.net.br\/v1\/wp-json\/wp\/v2\/types\/post"}],"author":[{"embeddable":true,"href":"https:\/\/www.ilheusnoticias.net.br\/v1\/wp-json\/wp\/v2\/users\/2"}],"replies":[{"embeddable":true,"href":"https:\/\/www.ilheusnoticias.net.br\/v1\/wp-json\/wp\/v2\/comments?post=4178"}],"version-history":[{"count":1,"href":"https:\/\/www.ilheusnoticias.net.br\/v1\/wp-json\/wp\/v2\/posts\/4178\/revisions"}],"predecessor-version":[{"id":4180,"href":"https:\/\/www.ilheusnoticias.net.br\/v1\/wp-json\/wp\/v2\/posts\/4178\/revisions\/4180"}],"wp:attachment":[{"href":"https:\/\/www.ilheusnoticias.net.br\/v1\/wp-json\/wp\/v2\/media?parent=4178"}],"wp:term":[{"taxonomy":"category","embeddable":true,"href":"https:\/\/www.ilheusnoticias.net.br\/v1\/wp-json\/wp\/v2\/categories?post=4178"},{"taxonomy":"post_tag","embeddable":true,"href":"https:\/\/www.ilheusnoticias.net.br\/v1\/wp-json\/wp\/v2\/tags?post=4178"}],"curies":[{"name":"wp","href":"https:\/\/api.w.org\/{rel}","templated":true}]}}