{"id":4171,"date":"2017-02-09T14:13:42","date_gmt":"2017-02-09T17:13:42","guid":{"rendered":"http:\/\/www.ilheusnoticias.net.br\/v1\/?p=4171"},"modified":"2017-02-09T14:13:42","modified_gmt":"2017-02-09T17:13:42","slug":"vereadores-elegem-membros-das-comissoes-permanentes-da-camara-de-ilheus","status":"publish","type":"post","link":"https:\/\/www.ilheusnoticias.net.br\/v1\/2017\/02\/09\/vereadores-elegem-membros-das-comissoes-permanentes-da-camara-de-ilheus\/","title":{"rendered":"Vereadores elegem membros das comiss\u00f5es permanentes da C\u00e2mara de Ilh\u00e9us"},"content":{"rendered":"<h2 class=\"PostHeaderIcon-wrapper\"><img loading=\"lazy\" class=\" wp-image-58057\" src=\"http:\/\/www.agravo.blog.br\/wp-content\/uploads\/2017\/02\/Vereadores.jpeg\" sizes=\"(max-width: 379px) 100vw, 379px\" srcset=\"http:\/\/www.agravo.blog.br\/wp-content\/uploads\/2017\/02\/Vereadores.jpeg 500w, http:\/\/www.agravo.blog.br\/wp-content\/uploads\/2017\/02\/Vereadores-300x225.jpeg 300w\" alt=\"\" width=\"379\" height=\"284\" \/><\/h2>\n<div class=\"PostContent\">\n<div id=\"attachment_58057\" class=\"wp-caption aligncenter\">\n<p class=\"wp-caption-text\">Foto: Ascom C\u00e2mara.<\/p>\n<\/div>\n<p>A segunda sess\u00e3o da C\u00e2mara de Vereadores de Ilh\u00e9us, na tarde de ontem (08), teve como foco principal a vota\u00e7\u00e3o das comiss\u00f5es permanentes. As comiss\u00f5es s\u00e3o \u00f3rg\u00e3os t\u00e9cnicos criados pelo Regimento Interno da Casa e constitu\u00eddos pelos vereadores, com o objetivo de discutir e votar as propostas de leis apresentadas \u00e0 C\u00e2mara.<\/p>\n<p>Diante a\u00a0pauta e discuss\u00f5es da c\u00e2mara, a comiss\u00e3o emite uma opini\u00e3o t\u00e9cnica, posicionando-se a favor ou contra, e decidindo se o assunto vai ou n\u00e3o para aprecia\u00e7\u00e3o dos vereadores.<\/p>\n<p>O legislativo de Ilh\u00e9us \u00e9 composto por 12 comiss\u00f5es. Al\u00e9m deste papel, as comiss\u00f5es devem funcionar como \u00f3rg\u00e3os de controle e fiscaliza\u00e7\u00e3o das a\u00e7\u00f5es do executivo municipal.<\/p>\n<\/div>\n<p>&nbsp;<\/p>\n<p><!--more--><\/p>\n<div class=\"PostContent\">\n<p>Por unanimidade, foram aprovados os seguintes nomes para compor as comiss\u00f5es para o bi\u00eanio 2017\/2018:<\/p>\n<p><strong>Legisla\u00e7\u00e3o, Justi\u00e7a e Reda\u00e7\u00e3o Final<\/strong><\/p>\n<p>Jerbson Moraes<\/p>\n<p>Ivo Evangelista<\/p>\n<p>C\u00e9sar Porto.<\/p>\n<p><strong>Finan\u00e7as, Or\u00e7amento Obras e Servi\u00e7os P\u00fablicos<\/strong><\/p>\n<p>Nino Valverde<\/p>\n<p>Jamil Ock\u00e9<\/p>\n<p>Jerbson Moraes<\/p>\n<p><strong>Defesa do Consumidor<\/strong><\/p>\n<p>Ery Bar<\/p>\n<p>Ivo Evangelista<\/p>\n<p>Thadeu Muniz<\/p>\n<p><strong>Defesa do Meio Ambiente<\/strong><\/p>\n<p>Nerival Reis<\/p>\n<p>Paulo Meio Quilo<\/p>\n<p>Jerbson Moraes<\/p>\n<p><strong>Agricultura, Ind\u00fastria e Ind\u00fastria e Com\u00e9rcio<\/strong><\/p>\n<p>Abra\u00e3o Oliveira<\/p>\n<p>Ivo Evangelista<\/p>\n<p>Makrisi S\u00e1<\/p>\n<p><strong>Direitos Humanos<\/strong><\/p>\n<p>Juarez Barbosa<\/p>\n<p>Pastor Matos<\/p>\n<p>Paulo Meio Quilo<\/p>\n<p><strong>Educa\u00e7\u00e3o e Cultura<\/strong><\/p>\n<p>Jamil Ock\u00e9<\/p>\n<p>Gil Gomes<\/p>\n<p>Paulo Carqueija<\/p>\n<p><strong>Turismo<\/strong><\/p>\n<p>Jamil Ock\u00e9<\/p>\n<p>Nino Valverde<\/p>\n<p>Ery Bar<\/p>\n<p><strong>Transportes<\/strong><\/p>\n<p>Paulo Carqueija<\/p>\n<p>Fabr\u00edcio Nascimento<\/p>\n<p>Thadeu Muniz<\/p>\n<p><strong>Sa\u00fade<\/strong><\/p>\n<p>Aldemir Almeida<\/p>\n<p>Abra\u00e3o Oliveira<\/p>\n<p>Fabr\u00edcio Nascimento<\/p>\n<p><strong>\u00c9tica e Decoro Parlamentar:<\/strong><\/p>\n<p>Juarez Barbosa<\/p>\n<p>Ivo Evangelista<\/p>\n<p>Nerival Nascimento<\/p>\n<p><strong>Seguran\u00e7a P\u00fablica:<\/strong><\/p>\n<p>C\u00e9sar Porto<\/p>\n<p>Juarez Barbosa<\/p>\n<p>Paulo Meio Quilo<\/p>\n<\/div>\n","protected":false},"excerpt":{"rendered":"<p>Foto: Ascom C\u00e2mara. A segunda sess\u00e3o da C\u00e2mara de Vereadores de Ilh\u00e9us, na tarde de ontem (08), teve como foco principal a vota\u00e7\u00e3o das comiss\u00f5es permanentes. As comiss\u00f5es s\u00e3o \u00f3rg\u00e3os t\u00e9cnicos criados pelo Regimento Interno da Casa e constitu\u00eddos pelos vereadores, com o objetivo de discutir e votar as propostas de leis apresentadas \u00e0 C\u00e2mara. [&hellip;]<\/p>\n","protected":false},"author":2,"featured_media":0,"comment_status":"open","ping_status":"open","sticky":false,"template":"","format":"standard","meta":{"_links_to":"","_links_to_target":""},"categories":[9],"tags":[449],"_links":{"self":[{"href":"https:\/\/www.ilheusnoticias.net.br\/v1\/wp-json\/wp\/v2\/posts\/4171"}],"collection":[{"href":"https:\/\/www.ilheusnoticias.net.br\/v1\/wp-json\/wp\/v2\/posts"}],"about":[{"href":"https:\/\/www.ilheusnoticias.net.br\/v1\/wp-json\/wp\/v2\/types\/post"}],"author":[{"embeddable":true,"href":"https:\/\/www.ilheusnoticias.net.br\/v1\/wp-json\/wp\/v2\/users\/2"}],"replies":[{"embeddable":true,"href":"https:\/\/www.ilheusnoticias.net.br\/v1\/wp-json\/wp\/v2\/comments?post=4171"}],"version-history":[{"count":1,"href":"https:\/\/www.ilheusnoticias.net.br\/v1\/wp-json\/wp\/v2\/posts\/4171\/revisions"}],"predecessor-version":[{"id":4172,"href":"https:\/\/www.ilheusnoticias.net.br\/v1\/wp-json\/wp\/v2\/posts\/4171\/revisions\/4172"}],"wp:attachment":[{"href":"https:\/\/www.ilheusnoticias.net.br\/v1\/wp-json\/wp\/v2\/media?parent=4171"}],"wp:term":[{"taxonomy":"category","embeddable":true,"href":"https:\/\/www.ilheusnoticias.net.br\/v1\/wp-json\/wp\/v2\/categories?post=4171"},{"taxonomy":"post_tag","embeddable":true,"href":"https:\/\/www.ilheusnoticias.net.br\/v1\/wp-json\/wp\/v2\/tags?post=4171"}],"curies":[{"name":"wp","href":"https:\/\/api.w.org\/{rel}","templated":true}]}}