{"id":4169,"date":"2017-02-08T15:25:50","date_gmt":"2017-02-08T18:25:50","guid":{"rendered":"http:\/\/www.ilheusnoticias.net.br\/v1\/?p=4169"},"modified":"2017-02-08T15:25:50","modified_gmt":"2017-02-08T18:25:50","slug":"sky-tem-de-substituir-canais-fox-ou-baixar-valor-dos-pacotes-diz-anatel","status":"publish","type":"post","link":"https:\/\/www.ilheusnoticias.net.br\/v1\/2017\/02\/08\/sky-tem-de-substituir-canais-fox-ou-baixar-valor-dos-pacotes-diz-anatel\/","title":{"rendered":"Sky tem de substituir canais Fox ou baixar valor dos pacotes, diz Anatel"},"content":{"rendered":"<p>\u200b<span style=\"color: rgb(26, 26, 26); font-family: UOLText, Arial, sans-serif; font-size: 18px; letter-spacing: -0.01em;\">Com o fim do contrato entre o Grupo Fox e a Sky,<\/span><span style=\"color: rgb(26, 26, 26); font-family: UOLText, Arial, sans-serif; font-size: 18px; letter-spacing: -0.01em;\">&nbsp;<\/span><a href=\"http:\/\/mauriciostycer.blogosfera.uol.com.br\/2017\/02\/05\/fox-atica-assinante-contra-sky-e-diz-receber-uma-xicara-de-cafe-por-canais\/\" style=\"font-family: UOLText, Arial, sans-serif; font-size: 18px; letter-spacing: -0.01em; list-style: none; margin: 0px; padding: 0px; box-sizing: border-box; -webkit-font-smoothing: antialiased; color: rgb(255, 54, 0);\">sete canais sa\u00edram dos pacotes dos assinantes da operadora na semana passada<\/a><span style=\"color: rgb(26, 26, 26); font-family: UOLText, Arial, sans-serif; font-size: 18px; letter-spacing: -0.01em;\">.<\/span><\/p>\n<p style=\"list-style: none; margin-right: 0px; margin-left: 0px; padding: 0px; box-sizing: border-box; -webkit-font-smoothing: antialiased; letter-spacing: -0.01em; color: rgb(26, 26, 26); font-size: 18px; line-height: 28px; font-family: UOLText, Arial, sans-serif;\">Segundo a Anatel, a sa\u00edda dos canais Fox, FX, Fox Life, Nat Geo, Nat Geo Wild, Fox Sports e Fox Sports 2 deixa as seguintes alternativas para a Sky:<\/p>\n<p style=\"list-style: none; margin-right: 0px; margin-left: 0px; padding: 0px; box-sizing: border-box; -webkit-font-smoothing: antialiased; letter-spacing: -0.01em; color: rgb(26, 26, 26); font-size: 18px; line-height: 28px; font-family: UOLText, Arial, sans-serif;\">1) Ela &nbsp;cumpre o artigo 28 da Resolu\u00e7\u00e3o 488\/2007, e passa a oferecer sete canais similares aos que cancelou; o assinante decide se aceita ou n\u00e3o;<\/p>\n<p style=\"list-style: none; margin-right: 0px; margin-left: 0px; padding: 0px; box-sizing: border-box; -webkit-font-smoothing: antialiased; letter-spacing: -0.01em; color: rgb(26, 26, 26); font-size: 18px; line-height: 28px; font-family: UOLText, Arial, sans-serif;\">2) Ela reduz o valor dos pacotes de forma proporcional \u00e0 perda dos assinantes;<\/p>\n<p style=\"list-style: none; margin-right: 0px; margin-left: 0px; padding: 0px; box-sizing: border-box; -webkit-font-smoothing: antialiased; letter-spacing: -0.01em; color: rgb(26, 26, 26); font-size: 18px; line-height: 28px; font-family: UOLText, Arial, sans-serif;\">3) Ela aceita o cancelamento dos pacotes totais dos assinantes sem qualquer tipo de multa&nbsp;<\/p>\n<p style=\"list-style: none; margin-right: 0px; margin-left: 0px; padding: 0px; box-sizing: border-box; -webkit-font-smoothing: antialiased; letter-spacing: -0.01em; color: rgb(26, 26, 26); font-size: 18px; line-height: 28px; font-family: UOLText, Arial, sans-serif;\">Fontes do mercado ouvidas pela coluna nesta quarta-feira dizem que a primeira hip\u00f3tese teria menos &nbsp;condi\u00e7\u00f5es de ser implementada porque n\u00e3o h\u00e1, em tese, sete canais similares a estes que foram cancelados.<\/p>\n<p style=\"list-style: none; margin-right: 0px; margin-left: 0px; padding: 0px; box-sizing: border-box; -webkit-font-smoothing: antialiased; letter-spacing: -0.01em; color: rgb(26, 26, 26); font-size: 18px; line-height: 28px; font-family: UOLText, Arial, sans-serif;\">A coluna apurou que o impasse ocorreu porque o Grupo Fox exigiu, para a renova\u00e7\u00e3o do contato em 31 de janeiro, que a Sky passasse a remunerar seus canais pelo mesmo valor com que \u00e9 remunerada por outras operadoras como Net e Oi. Ou seja, o Grupo Fox queria &#8220;isonomia&#8221; de remunera\u00e7\u00e3o.<\/p>\n<p style=\"list-style: none; margin-right: 0px; margin-left: 0px; padding: 0px; box-sizing: border-box; -webkit-font-smoothing: antialiased; letter-spacing: -0.01em; color: rgb(26, 26, 26); font-size: 18px; line-height: 28px; font-family: UOLText, Arial, sans-serif;\">A Sky recusou.<\/p>\n<p style=\"list-style: none; margin-right: 0px; margin-left: 0px; padding: 0px; box-sizing: border-box; -webkit-font-smoothing: antialiased; letter-spacing: -0.01em; color: rgb(26, 26, 26); font-size: 18px; line-height: 28px; font-family: UOLText, Arial, sans-serif;\">Segundo a Anatel, em caso de descumprimento da resolu\u00e7\u00e3o, a operadora est\u00e1 sujeita a um processo administrativo, no qual ter\u00e1 amplo direito de defesa.<\/p>\n<p style=\"list-style: none; margin-right: 0px; margin-left: 0px; padding: 0px; box-sizing: border-box; -webkit-font-smoothing: antialiased; letter-spacing: -0.01em; color: rgb(26, 26, 26); font-size: 18px; line-height: 28px; font-family: UOLText, Arial, sans-serif;\">Caso o descumprimento de obriga\u00e7\u00e3o seja comprovado, a operadora pode ser multada. O teto da multa \u00e9 de R$ 50 milh\u00f5es.<\/p>\n<p style=\"list-style: none; margin-right: 0px; margin-left: 0px; padding: 0px; box-sizing: border-box; -webkit-font-smoothing: antialiased; letter-spacing: -0.01em; color: rgb(26, 26, 26); font-size: 18px; line-height: 28px; font-family: UOLText, Arial, sans-serif;\"><strong style=\"list-style: none; margin: 0px; padding: 0px; box-sizing: border-box; -webkit-font-smoothing: antialiased;\">OUTRO LADO<\/strong><\/p>\n<p style=\"list-style: none; margin-right: 0px; margin-left: 0px; padding: 0px; box-sizing: border-box; -webkit-font-smoothing: antialiased; letter-spacing: -0.01em; color: rgb(26, 26, 26); font-size: 18px; line-height: 28px; font-family: UOLText, Arial, sans-serif;\">Procurada, a Sky informou, por meio de sua assessoria, que ainda n\u00e3o tem um posicionamento oficial a respeito das medidas que ser\u00e3o tomadas com os assinantes. Se e quando o fizer, sua vers\u00e3o ser\u00e1 inclu\u00edda neste texto.<\/p>\n<p style=\"list-style: none; margin-right: 0px; margin-left: 0px; padding: 0px; box-sizing: border-box; -webkit-font-smoothing: antialiased; letter-spacing: -0.01em; color: rgb(26, 26, 26); font-size: 18px; line-height: 28px; font-family: UOLText, Arial, sans-serif;\"><strong style=\"list-style: none; margin: 0px; padding: 0px; box-sizing: border-box; -webkit-font-smoothing: antialiased;\">@feltrinoficial<\/strong><\/p>\n","protected":false},"excerpt":{"rendered":"<p>\u200bCom o fim do contrato entre o Grupo Fox e a Sky,&nbsp;sete canais sa\u00edram dos pacotes dos assinantes da operadora na semana passada. Segundo a Anatel, a sa\u00edda dos canais Fox, FX, Fox Life, Nat Geo, Nat Geo Wild, Fox Sports e Fox Sports 2 deixa as seguintes alternativas para a Sky: 1) Ela &nbsp;cumpre [&hellip;]<\/p>\n","protected":false},"author":2,"featured_media":0,"comment_status":"open","ping_status":"open","sticky":false,"template":"","format":"standard","meta":{"_links_to":"","_links_to_target":""},"categories":[1],"tags":[],"_links":{"self":[{"href":"https:\/\/www.ilheusnoticias.net.br\/v1\/wp-json\/wp\/v2\/posts\/4169"}],"collection":[{"href":"https:\/\/www.ilheusnoticias.net.br\/v1\/wp-json\/wp\/v2\/posts"}],"about":[{"href":"https:\/\/www.ilheusnoticias.net.br\/v1\/wp-json\/wp\/v2\/types\/post"}],"author":[{"embeddable":true,"href":"https:\/\/www.ilheusnoticias.net.br\/v1\/wp-json\/wp\/v2\/users\/2"}],"replies":[{"embeddable":true,"href":"https:\/\/www.ilheusnoticias.net.br\/v1\/wp-json\/wp\/v2\/comments?post=4169"}],"version-history":[{"count":1,"href":"https:\/\/www.ilheusnoticias.net.br\/v1\/wp-json\/wp\/v2\/posts\/4169\/revisions"}],"predecessor-version":[{"id":4170,"href":"https:\/\/www.ilheusnoticias.net.br\/v1\/wp-json\/wp\/v2\/posts\/4169\/revisions\/4170"}],"wp:attachment":[{"href":"https:\/\/www.ilheusnoticias.net.br\/v1\/wp-json\/wp\/v2\/media?parent=4169"}],"wp:term":[{"taxonomy":"category","embeddable":true,"href":"https:\/\/www.ilheusnoticias.net.br\/v1\/wp-json\/wp\/v2\/categories?post=4169"},{"taxonomy":"post_tag","embeddable":true,"href":"https:\/\/www.ilheusnoticias.net.br\/v1\/wp-json\/wp\/v2\/tags?post=4169"}],"curies":[{"name":"wp","href":"https:\/\/api.w.org\/{rel}","templated":true}]}}