{"id":4161,"date":"2017-02-08T15:06:09","date_gmt":"2017-02-08T18:06:09","guid":{"rendered":"http:\/\/www.ilheusnoticias.net.br\/v1\/?p=4161"},"modified":"2017-02-08T15:09:57","modified_gmt":"2017-02-08T18:09:57","slug":"camara-de-ilheus-escolhe-vereadores-para-compor-as-comissoes","status":"publish","type":"post","link":"https:\/\/www.ilheusnoticias.net.br\/v1\/2017\/02\/08\/camara-de-ilheus-escolhe-vereadores-para-compor-as-comissoes\/","title":{"rendered":"C\u00e2mara de Ilh\u00e9us escolhe vereadores para compor as comiss\u00f5es, hoje a tarde"},"content":{"rendered":"<h2 class=\"PostHeaderIcon-wrapper\"><\/h2>\n<div class=\"PostContent\">\n<div id=\"attachment_12329\" class=\"wp-caption aligncenter\">\n<p><img loading=\"lazy\" class=\"wp-image-12329\" src=\"http:\/\/www.fabiorobertonoticias.com.br\/v1\/wp-content\/uploads\/2017\/02\/lukas.jpg\" sizes=\"(max-width: 555px) 100vw, 555px\" srcset=\"http:\/\/www.fabiorobertonoticias.com.br\/v1\/wp-content\/uploads\/2017\/02\/lukas.jpg 800w, http:\/\/www.fabiorobertonoticias.com.br\/v1\/wp-content\/uploads\/2017\/02\/lukas-300x169.jpg 300w, http:\/\/www.fabiorobertonoticias.com.br\/v1\/wp-content\/uploads\/2017\/02\/lukas-768x432.jpg 768w\" alt=\"lukas\" width=\"555\" height=\"312\" \/><\/p>\n<p class=\"wp-caption-text\">Mesa Diretora da C\u00e2mara de Ilh\u00e9us capitaneada por Lukas Paiva.<\/p>\n<\/div>\n<p>Est\u00e1 programada na sess\u00e3o ordin\u00e1ria de hoje, 08, na C\u00e2mara Municipal de Ilh\u00e9us, a partir das 16hs, a elei\u00e7\u00e3o dos vereadores que ficar\u00e3o respons\u00e1veis pelas comiss\u00f5es permanentes. Os nomes eleitos ser\u00e3o publicados no no Di\u00e1rio Oficial do Legislativo.<\/p>\n<\/div>\n<p>&nbsp;<\/p>\n<p><!--more--><\/p>\n<div class=\"PostContent\">\n<p>As Comiss\u00f5es Permanentes t\u00eam por objetivo estudar os assuntos submetidos ao seu exame, manifestar sobre eles a sua opini\u00e3o e preparar, por iniciativa pr\u00f3pria ou indica\u00e7\u00e3o do Plen\u00e1rio, projetos atinentes a sua especialidade.\u00a0O papel das comiss\u00f5es \u00e9 muito importante, pois s\u00e3o elas que avaliam todos os projetos que chegam \u00e0 Casa de Leis.<\/p>\n<p>F\u00e1bio Roberto<\/p>\n<\/div>\n","protected":false},"excerpt":{"rendered":"<p>Mesa Diretora da C\u00e2mara de Ilh\u00e9us capitaneada por Lukas Paiva. Est\u00e1 programada na sess\u00e3o ordin\u00e1ria de hoje, 08, na C\u00e2mara Municipal de Ilh\u00e9us, a partir das 16hs, a elei\u00e7\u00e3o dos vereadores que ficar\u00e3o respons\u00e1veis pelas comiss\u00f5es permanentes. Os nomes eleitos ser\u00e3o publicados no no Di\u00e1rio Oficial do Legislativo. &nbsp;<\/p>\n","protected":false},"author":2,"featured_media":0,"comment_status":"open","ping_status":"open","sticky":false,"template":"","format":"standard","meta":{"_links_to":"","_links_to_target":""},"categories":[9],"tags":[448],"_links":{"self":[{"href":"https:\/\/www.ilheusnoticias.net.br\/v1\/wp-json\/wp\/v2\/posts\/4161"}],"collection":[{"href":"https:\/\/www.ilheusnoticias.net.br\/v1\/wp-json\/wp\/v2\/posts"}],"about":[{"href":"https:\/\/www.ilheusnoticias.net.br\/v1\/wp-json\/wp\/v2\/types\/post"}],"author":[{"embeddable":true,"href":"https:\/\/www.ilheusnoticias.net.br\/v1\/wp-json\/wp\/v2\/users\/2"}],"replies":[{"embeddable":true,"href":"https:\/\/www.ilheusnoticias.net.br\/v1\/wp-json\/wp\/v2\/comments?post=4161"}],"version-history":[{"count":4,"href":"https:\/\/www.ilheusnoticias.net.br\/v1\/wp-json\/wp\/v2\/posts\/4161\/revisions"}],"predecessor-version":[{"id":4165,"href":"https:\/\/www.ilheusnoticias.net.br\/v1\/wp-json\/wp\/v2\/posts\/4161\/revisions\/4165"}],"wp:attachment":[{"href":"https:\/\/www.ilheusnoticias.net.br\/v1\/wp-json\/wp\/v2\/media?parent=4161"}],"wp:term":[{"taxonomy":"category","embeddable":true,"href":"https:\/\/www.ilheusnoticias.net.br\/v1\/wp-json\/wp\/v2\/categories?post=4161"},{"taxonomy":"post_tag","embeddable":true,"href":"https:\/\/www.ilheusnoticias.net.br\/v1\/wp-json\/wp\/v2\/tags?post=4161"}],"curies":[{"name":"wp","href":"https:\/\/api.w.org\/{rel}","templated":true}]}}