{"id":4143,"date":"2017-02-08T14:30:53","date_gmt":"2017-02-08T17:30:53","guid":{"rendered":"http:\/\/www.ilheusnoticias.net.br\/v1\/?p=4143"},"modified":"2017-02-08T14:30:53","modified_gmt":"2017-02-08T17:30:53","slug":"chico-reis-discute-com-prefeito-e-judiciario-a-regularizacao-de-imoveis-no-municipio-de-itabuna","status":"publish","type":"post","link":"https:\/\/www.ilheusnoticias.net.br\/v1\/2017\/02\/08\/chico-reis-discute-com-prefeito-e-judiciario-a-regularizacao-de-imoveis-no-municipio-de-itabuna\/","title":{"rendered":"Chico Reis discute com prefeito e judici\u00e1rio a regulariza\u00e7\u00e3o de im\u00f3veis no munic\u00edpio de Itabuna"},"content":{"rendered":"<p>O presidente da c\u00e2mara municipal de Itabuna esteve reunido com o prefeito Fernando Gomes para discutir a situa\u00e7\u00e3o dos im\u00f3veis irregulares no munic\u00edpio. Em Itabuna existe um n\u00famero elevado de im\u00f3veis que ainda n\u00e3o foram cadastrados e outros que est\u00e3o irregulares h\u00e1 v\u00e1rios anos representando preju\u00edzo tanto para o munic\u00edpio quanto para a popula\u00e7\u00e3o que convive em meio \u00e0s constru\u00e7\u00f5es irregulares.<br \/>\nA situa\u00e7\u00e3o faz com que o munic\u00edpio tamb\u00e9m deixe de arrecadar. O prefeito tamb\u00e9m convocou representantes dos cart\u00f3rios de Registro de Im\u00f3veis que atuam na cidade, o minist\u00e9rio p\u00fablico, representante da Justi\u00e7a e da associa\u00e7\u00e3o dos propriet\u00e1rios de im\u00f3veis da cidade.<\/p>\n<p>&nbsp;<\/p>\n<p><!--more--><\/p>\n<p>Na ocasi\u00e3o, Gla\u00facio Rog\u00e9rio, juiz de direito da comarca de Itabuna disse que com a regulariza\u00e7\u00e3o todos saem ganhando, e salientou que a Justi\u00e7a est\u00e1 disposta a estreitar relacionamentos tanto com o poder executivo quanto legislativo com a finalidade de melhorar a vida das pessoas e tamb\u00e9m evitando assim demandas judiciais desnecess\u00e1rias. \u201dessa reuni\u00e3o hoje buscou criar alternativas para que o Judici\u00e1rio com a prefeitura, legislativo e cart\u00f3rios extrajudiciais de m\u00e3os dadas tentem resolver esse problema para a popula\u00e7\u00e3o de Itabuna\u201d, disse o juiz.<\/p>\n<p>O secret\u00e1rio Chico Fran\u00e7a do Desenvolvimento Urbano de Itabuna disse que com a regulariza\u00e7\u00e3o o munic\u00edpio arrecada e as pessoas regularizam a sua vida e que \u201dvai ser feito o recadastramento e iremos convidar os propriet\u00e1rios de im\u00f3veis para regularizar\u201d, disse Fran\u00e7a.<\/p>\n<p>O presidente da C\u00e2mara, vereador Chico Reis pontuou a necessidade de se discutir de maneira espec\u00edfica a situa\u00e7\u00e3o de cada cidad\u00e3o que se encontra em condi\u00e7\u00f5es irregulares para que os propriet\u00e1rios antigos n\u00e3o sofram preju\u00edzos e que os novos j\u00e1 iniciem seus empreendimentos e constru\u00e7\u00f5es de modo regularizado salientando que a C\u00e2mara Municipal est\u00e1 aberta para o di\u00e1logo e as poss\u00edveis tramita\u00e7\u00f5es de projetos que visem \u00e0 atender a demanda da comunidade.<\/p>\n","protected":false},"excerpt":{"rendered":"<p>O presidente da c\u00e2mara municipal de Itabuna esteve reunido com o prefeito Fernando Gomes para discutir a situa\u00e7\u00e3o dos im\u00f3veis irregulares no munic\u00edpio. Em Itabuna existe um n\u00famero elevado de im\u00f3veis que ainda n\u00e3o foram cadastrados e outros que est\u00e3o irregulares h\u00e1 v\u00e1rios anos representando preju\u00edzo tanto para o munic\u00edpio quanto para a popula\u00e7\u00e3o que [&hellip;]<\/p>\n","protected":false},"author":2,"featured_media":0,"comment_status":"open","ping_status":"open","sticky":false,"template":"","format":"standard","meta":{"_links_to":"","_links_to_target":""},"categories":[7,8],"tags":[],"_links":{"self":[{"href":"https:\/\/www.ilheusnoticias.net.br\/v1\/wp-json\/wp\/v2\/posts\/4143"}],"collection":[{"href":"https:\/\/www.ilheusnoticias.net.br\/v1\/wp-json\/wp\/v2\/posts"}],"about":[{"href":"https:\/\/www.ilheusnoticias.net.br\/v1\/wp-json\/wp\/v2\/types\/post"}],"author":[{"embeddable":true,"href":"https:\/\/www.ilheusnoticias.net.br\/v1\/wp-json\/wp\/v2\/users\/2"}],"replies":[{"embeddable":true,"href":"https:\/\/www.ilheusnoticias.net.br\/v1\/wp-json\/wp\/v2\/comments?post=4143"}],"version-history":[{"count":1,"href":"https:\/\/www.ilheusnoticias.net.br\/v1\/wp-json\/wp\/v2\/posts\/4143\/revisions"}],"predecessor-version":[{"id":4144,"href":"https:\/\/www.ilheusnoticias.net.br\/v1\/wp-json\/wp\/v2\/posts\/4143\/revisions\/4144"}],"wp:attachment":[{"href":"https:\/\/www.ilheusnoticias.net.br\/v1\/wp-json\/wp\/v2\/media?parent=4143"}],"wp:term":[{"taxonomy":"category","embeddable":true,"href":"https:\/\/www.ilheusnoticias.net.br\/v1\/wp-json\/wp\/v2\/categories?post=4143"},{"taxonomy":"post_tag","embeddable":true,"href":"https:\/\/www.ilheusnoticias.net.br\/v1\/wp-json\/wp\/v2\/tags?post=4143"}],"curies":[{"name":"wp","href":"https:\/\/api.w.org\/{rel}","templated":true}]}}