{"id":4110,"date":"2017-02-04T08:16:39","date_gmt":"2017-02-04T11:16:39","guid":{"rendered":"http:\/\/www.ilheusnoticias.net.br\/v1\/?p=4110"},"modified":"2017-02-04T08:16:39","modified_gmt":"2017-02-04T11:16:39","slug":"prefeitura-divulga-algumas-atracoes-do-carnaval-de-ilheus","status":"publish","type":"post","link":"https:\/\/www.ilheusnoticias.net.br\/v1\/2017\/02\/04\/prefeitura-divulga-algumas-atracoes-do-carnaval-de-ilheus\/","title":{"rendered":"Prefeitura divulga algumas atra\u00e7\u00f5es do carnaval de Ilh\u00e9us"},"content":{"rendered":"<h2 class=\"PostHeaderIcon-wrapper\"><\/h2>\n<div class=\"PostContent\">\n<div id=\"attachment_57841\" class=\"wp-caption aligncenter\"><img loading=\"lazy\" class=\" wp-image-57841\" src=\"http:\/\/www.agravo.blog.br\/wp-content\/uploads\/2017\/02\/TIMBALADA-RE55ACA-84-2.jpg\" sizes=\"(max-width: 426px) 100vw, 426px\" srcset=\"http:\/\/www.agravo.blog.br\/wp-content\/uploads\/2017\/02\/TIMBALADA-RE55ACA-84-2.jpg 500w, http:\/\/www.agravo.blog.br\/wp-content\/uploads\/2017\/02\/TIMBALADA-RE55ACA-84-2-300x200.jpg 300w\" alt=\"\" width=\"426\" height=\"284\" \/><\/p>\n<p class=\"wp-caption-text\">Foto: Divulga\u00e7\u00e3o.<\/p>\n<\/div>\n<p>Est\u00e1 confirmado o carnaval antecipado \u201cIlh\u00e9us Folia\u201d, de 17 a 19 de fevereiro, no grande palco da alegria, a avenida Soares Lopes. A festa, uma realiza\u00e7\u00e3o da prefeitura de Ilh\u00e9us, conta com o patroc\u00ednio do Governo da Bahia, atrav\u00e9s da Bahiatursa. Entre as atra\u00e7\u00f5es, est\u00e3o Timbalada, Patrulha do Samba, Lord\u00e3o, Duas Medidas, Papazoni, Trio da Huanna, Babado Novo e A Vingadora.<\/p>\n<\/div>\n<p>&nbsp;<\/p>\n<p><!--more--><\/p>\n<div class=\"PostContent\">\n<p>O secret\u00e1rio municipal de Turismo, Roberto Lob\u00e3o, informa que est\u00e3o sendo feitos contatos para incluir o cantor Saulo Fernandes na programa\u00e7\u00e3o do carnaval antecipado de Ilh\u00e9us. Ele enfatiza que a festa ter\u00e1 a participa\u00e7\u00e3o de artistas regionais, que est\u00e3o sendo selecionados a partir de credenciamento realizado atrav\u00e9s da Secretaria de Cultura.<\/p>\n<p>\u201cEmbora o principal palco do evento seja a avenida Soares Lopes, no centro da cidade, blocos tradicionais v\u00e3o fazer a festa nos bairros Hernani S\u00e1 (Urbis), de 25 a 28 deste m\u00eas, no Teot\u00f4nio Vilela recebe entre os dias 25 e 27 de fevereiro, e tamb\u00e9m no Pontal\u201d, adianta Lob\u00e3o.<\/p>\n<p>O carnaval Ilh\u00e9us Folia 2017 contar\u00e1 com quatro trios el\u00e9tricos, sendo dois da categoria especial, e tr\u00eas mini trios. Al\u00e9m da decora\u00e7\u00e3o do espa\u00e7o, entre a catedral de S\u00e3o Sebasti\u00e3o e o cine Santa Clara, haver\u00e1 infraestrutura com sanit\u00e1rios qu\u00edmicos, espa\u00e7os para vendas de bebidas e comidas, camarote oficial, atendimento em sa\u00fade e o apoio de seguran\u00e7a das pol\u00edcias civil e militar.<\/p>\n<\/div>\n","protected":false},"excerpt":{"rendered":"<p>Foto: Divulga\u00e7\u00e3o. Est\u00e1 confirmado o carnaval antecipado \u201cIlh\u00e9us Folia\u201d, de 17 a 19 de fevereiro, no grande palco da alegria, a avenida Soares Lopes. A festa, uma realiza\u00e7\u00e3o da prefeitura de Ilh\u00e9us, conta com o patroc\u00ednio do Governo da Bahia, atrav\u00e9s da Bahiatursa. Entre as atra\u00e7\u00f5es, est\u00e3o Timbalada, Patrulha do Samba, Lord\u00e3o, Duas Medidas, Papazoni, [&hellip;]<\/p>\n","protected":false},"author":2,"featured_media":0,"comment_status":"open","ping_status":"open","sticky":false,"template":"","format":"standard","meta":{"_links_to":"","_links_to_target":""},"categories":[7,9],"tags":[438],"_links":{"self":[{"href":"https:\/\/www.ilheusnoticias.net.br\/v1\/wp-json\/wp\/v2\/posts\/4110"}],"collection":[{"href":"https:\/\/www.ilheusnoticias.net.br\/v1\/wp-json\/wp\/v2\/posts"}],"about":[{"href":"https:\/\/www.ilheusnoticias.net.br\/v1\/wp-json\/wp\/v2\/types\/post"}],"author":[{"embeddable":true,"href":"https:\/\/www.ilheusnoticias.net.br\/v1\/wp-json\/wp\/v2\/users\/2"}],"replies":[{"embeddable":true,"href":"https:\/\/www.ilheusnoticias.net.br\/v1\/wp-json\/wp\/v2\/comments?post=4110"}],"version-history":[{"count":1,"href":"https:\/\/www.ilheusnoticias.net.br\/v1\/wp-json\/wp\/v2\/posts\/4110\/revisions"}],"predecessor-version":[{"id":4111,"href":"https:\/\/www.ilheusnoticias.net.br\/v1\/wp-json\/wp\/v2\/posts\/4110\/revisions\/4111"}],"wp:attachment":[{"href":"https:\/\/www.ilheusnoticias.net.br\/v1\/wp-json\/wp\/v2\/media?parent=4110"}],"wp:term":[{"taxonomy":"category","embeddable":true,"href":"https:\/\/www.ilheusnoticias.net.br\/v1\/wp-json\/wp\/v2\/categories?post=4110"},{"taxonomy":"post_tag","embeddable":true,"href":"https:\/\/www.ilheusnoticias.net.br\/v1\/wp-json\/wp\/v2\/tags?post=4110"}],"curies":[{"name":"wp","href":"https:\/\/api.w.org\/{rel}","templated":true}]}}