{"id":4101,"date":"2017-02-04T08:02:15","date_gmt":"2017-02-04T11:02:15","guid":{"rendered":"http:\/\/www.ilheusnoticias.net.br\/v1\/?p=4101"},"modified":"2017-02-04T08:02:15","modified_gmt":"2017-02-04T11:02:15","slug":"sutran-promove-campanha-volta-as-aulas-em-ilheus","status":"publish","type":"post","link":"https:\/\/www.ilheusnoticias.net.br\/v1\/2017\/02\/04\/sutran-promove-campanha-volta-as-aulas-em-ilheus\/","title":{"rendered":"Sutran promove campanha \u201cVolta \u00e0s Aulas\u201d em Ilh\u00e9us"},"content":{"rendered":"<p class=\"x_gmail-m7006977228887404404gmail-msonospacing\" align=\"center\">\n<p class=\"x_gmail-m7006977228887404404gmail-msonospacing\"><a href=\"http:\/\/www.ilheusnoticias.net.br\/v1\/wp-content\/uploads\/2017\/02\/thumbnail_Cartilha-de-Tr\u00c3\u00a2nsito-Foto-Secom.jpg\" rel=\"attachment wp-att-4102\"><img loading=\"lazy\" class=\"aligncenter size-medium wp-image-4102\" src=\"http:\/\/www.ilheusnoticias.net.br\/v1\/wp-content\/uploads\/2017\/02\/thumbnail_Cartilha-de-Tr\u00c3\u00a2nsito-Foto-Secom-206x300.jpg\" alt=\"thumbnail_Cartilha de Tr\u00c3\u00a2nsito - Foto Secom\" width=\"206\" height=\"300\" srcset=\"https:\/\/www.ilheusnoticias.net.br\/v1\/wp-content\/uploads\/2017\/02\/thumbnail_Cartilha-de-Tr\u00c3\u00a2nsito-Foto-Secom-206x300.jpg 206w, https:\/\/www.ilheusnoticias.net.br\/v1\/wp-content\/uploads\/2017\/02\/thumbnail_Cartilha-de-Tr\u00c3\u00a2nsito-Foto-Secom.jpg 600w\" sizes=\"(max-width: 206px) 100vw, 206px\" \/><\/a><\/p>\n<p class=\"x_gmail-m7006977228887404404gmail-msonospacing\"><span style=\"font-size: large;\">Com o objetivo de proporcionar um retorno mais tranquilo \u00e0s aulas, a Prefeitura de Ilh\u00e9us, atrav\u00e9s da Superintend\u00eancia de Transportes e Tr\u00e2nsito (Sutran), realizar\u00e1 nesta segunda-feira, 6 de fevereiro, a a\u00e7\u00e3o educativa \u201cVolta \u00e0s aulas\u201d. A campanha ocorrer\u00e1 em frente \u00e0s escolas das redes p\u00fablica e privada<span class=\"x_gmail-apple-converted-space\">\u00a0de ensino, no<\/span> centro e nas zonas sul e norte<span class=\"x_gmail-apple-converted-space\">\u00a0<\/span>da cidade.<\/span><\/p>\n<p class=\"x_gmail-m7006977228887404404gmail-msonospacing\"><span style=\"font-size: large;\">De acordo com o<span class=\"x_gmail-apple-converted-space\">\u00a0<\/span>chefe de Opera\u00e7\u00f5es da Sutran, Cl\u00f3vis Evangelista J\u00fanior, neste per\u00edodo de retorno \u00e0s aulas cresce bastante o n\u00famero de pedestres circulando na cidade. Ele explica que a a\u00e7\u00e3o tem car\u00e1ter de conscientiza\u00e7\u00e3o e visa<span class=\"x_gmail-apple-converted-space\">\u00a0<\/span>evitar congestionamentos no hor\u00e1rio de pico no tr\u00e2nsito. \u201cNossos<span class=\"x_gmail-apple-converted-space\">\u00a0<\/span>agentes estar\u00e3o nas ruas orientando os condutores de ve\u00edculos automotores e distribuindo cartilhas educativas entre os estudantes\u201d, ressalta.<\/span><\/p>\n<p class=\"x_gmail-m7006977228887404404gmail-msonospacing\">\n<p class=\"x_gmail-m7006977228887404404gmail-msonospacing\">\n<p class=\"x_gmail-m7006977228887404404gmail-msonospacing\"><!--more--><\/p>\n<p class=\"x_gmail-m7006977228887404404gmail-msonospacing\"><span style=\"font-size: large;\">Cl\u00f3vis afirma ainda que,<span class=\"x_gmail-apple-converted-space\">\u00a0<\/span>al\u00e9m disso, \u201cestaremos orientando aos pais ou os respons\u00e1veis pelos estudantes para que estacionem seus ve\u00edculos de forma correta, especialmente nas vias onde est\u00e3o localizadas as escolas\u201d.\u00a0A campanha \u201cVolta \u00e0s aulas\u201d conta tamb\u00e9m com a parceria da Pol\u00edcia Militar e da 13\u00aa Ciretran.<\/span><\/p>\n<p class=\"x_gmail-m7006977228887404404gmail-msonospacing\"><b><span style=\"font-size: large;\">Cartilha<\/span><\/b><span style=\"font-size: large;\"> \u2013 A cartilha \u201cUm dia no tr\u00e2nsito\u201d, produzida pelo N\u00facleo de Educa\u00e7\u00e3o para o Tr\u00e2nsito, da pr\u00f3pria Sutran, ser\u00e1 distribu\u00edda entre alunos das institui\u00e7\u00f5es de ensino de Ilh\u00e9us. Atrav\u00e9s de desenhos, brincadeiras e sinais, as crian\u00e7as aprendem normas de conduta no tr\u00e2nsito, significado de sinais e outras orienta\u00e7\u00f5es.<\/span><\/p>\n<p class=\"x_gmail-m7006977228887404404gmail-msonospacing\">\n<p class=\"x_gmail-m7006977228887404404gmail-msonospacing\">\n","protected":false},"excerpt":{"rendered":"<p>Com o objetivo de proporcionar um retorno mais tranquilo \u00e0s aulas, a Prefeitura de Ilh\u00e9us, atrav\u00e9s da Superintend\u00eancia de Transportes e Tr\u00e2nsito (Sutran), realizar\u00e1 nesta segunda-feira, 6 de fevereiro, a a\u00e7\u00e3o educativa \u201cVolta \u00e0s aulas\u201d. A campanha ocorrer\u00e1 em frente \u00e0s escolas das redes p\u00fablica e privada\u00a0de ensino, no centro e nas zonas sul e [&hellip;]<\/p>\n","protected":false},"author":2,"featured_media":0,"comment_status":"open","ping_status":"open","sticky":false,"template":"","format":"standard","meta":{"_links_to":"","_links_to_target":""},"categories":[9],"tags":[437],"_links":{"self":[{"href":"https:\/\/www.ilheusnoticias.net.br\/v1\/wp-json\/wp\/v2\/posts\/4101"}],"collection":[{"href":"https:\/\/www.ilheusnoticias.net.br\/v1\/wp-json\/wp\/v2\/posts"}],"about":[{"href":"https:\/\/www.ilheusnoticias.net.br\/v1\/wp-json\/wp\/v2\/types\/post"}],"author":[{"embeddable":true,"href":"https:\/\/www.ilheusnoticias.net.br\/v1\/wp-json\/wp\/v2\/users\/2"}],"replies":[{"embeddable":true,"href":"https:\/\/www.ilheusnoticias.net.br\/v1\/wp-json\/wp\/v2\/comments?post=4101"}],"version-history":[{"count":1,"href":"https:\/\/www.ilheusnoticias.net.br\/v1\/wp-json\/wp\/v2\/posts\/4101\/revisions"}],"predecessor-version":[{"id":4103,"href":"https:\/\/www.ilheusnoticias.net.br\/v1\/wp-json\/wp\/v2\/posts\/4101\/revisions\/4103"}],"wp:attachment":[{"href":"https:\/\/www.ilheusnoticias.net.br\/v1\/wp-json\/wp\/v2\/media?parent=4101"}],"wp:term":[{"taxonomy":"category","embeddable":true,"href":"https:\/\/www.ilheusnoticias.net.br\/v1\/wp-json\/wp\/v2\/categories?post=4101"},{"taxonomy":"post_tag","embeddable":true,"href":"https:\/\/www.ilheusnoticias.net.br\/v1\/wp-json\/wp\/v2\/tags?post=4101"}],"curies":[{"name":"wp","href":"https:\/\/api.w.org\/{rel}","templated":true}]}}