{"id":4087,"date":"2017-02-03T18:43:06","date_gmt":"2017-02-03T21:43:06","guid":{"rendered":"http:\/\/www.ilheusnoticias.net.br\/v1\/?p=4087"},"modified":"2017-02-03T18:43:06","modified_gmt":"2017-02-03T21:43:06","slug":"prefeito-de-ibicarai-busca-apoio-em-brasilia","status":"publish","type":"post","link":"https:\/\/www.ilheusnoticias.net.br\/v1\/2017\/02\/03\/prefeito-de-ibicarai-busca-apoio-em-brasilia\/","title":{"rendered":"Prefeito de Ibicara\u00ed busca apoio em Bras\u00edlia"},"content":{"rendered":"<p><a href=\"http:\/\/www.ilheusnoticias.net.br\/v1\/wp-content\/uploads\/2017\/02\/Prefeito-de-Ibicara\u00ed-busca-apoio-em-Bras\u00edlia-1.jpg\" rel=\"attachment wp-att-4088\"><img loading=\"lazy\" class=\"aligncenter  wp-image-4088\" src=\"http:\/\/www.ilheusnoticias.net.br\/v1\/wp-content\/uploads\/2017\/02\/Prefeito-de-Ibicara\u00ed-busca-apoio-em-Bras\u00edlia-1.jpg\" alt=\"Prefeito de Ibicara\u00ed busca apoio em Bras\u00edlia (1)\" width=\"564\" height=\"423\" srcset=\"https:\/\/www.ilheusnoticias.net.br\/v1\/wp-content\/uploads\/2017\/02\/Prefeito-de-Ibicara\u00ed-busca-apoio-em-Bras\u00edlia-1.jpg 960w, https:\/\/www.ilheusnoticias.net.br\/v1\/wp-content\/uploads\/2017\/02\/Prefeito-de-Ibicara\u00ed-busca-apoio-em-Bras\u00edlia-1-300x225.jpg 300w\" sizes=\"(max-width: 564px) 100vw, 564px\" \/><\/a><\/p>\n<p>&nbsp;<\/p>\n<p>Na \u00faltima semana, o prefeito de Ibicara\u00ed, Lula Brand\u00e3o, viajou \u00e0 Bras\u00edlia em busca de apoio e parcerias para realizar investimentos que melhorem a infraestrutura do munic\u00edpio e a qualidade de vida da popula\u00e7\u00e3o. Durante a viagem, no \u00faltimo dia 26, o prefeito cumpriu uma extensa agenda com reuni\u00f5es e audi\u00eancias com representantes de institui\u00e7\u00f5es e ministros.<\/p>\n<p>&nbsp;<\/p>\n<p><!--more--><\/p>\n<p>Em audi\u00eancia oficial com o Ministro Ricardo Barros, realizada no Minist\u00e9rio da Sa\u00fade, o prefeito solicitou aux\u00edlio para a reforma do Hospital\u00a0Arlete Maron de Magalh\u00e3es, que recebeu recentemente equipamentos novos. Segundo Brand\u00e3o, o Hospital est\u00e1 sucateado e com a estrutura el\u00e9trica e hidr\u00e1ulica danificada. \u201cRecebemos os equipamentos, por\u00e9m n\u00e3o temos nenhuma condi\u00e7\u00e3o de coloc\u00e1-los para funcionar sem realizar as devidas reformas e melhorias. Precisamos oferecer \u00e0 popula\u00e7\u00e3o um servi\u00e7o digno\u201d, declarou o prefeito. O deputado Augusto Castro e os prefeitos de Coaraci e Jacobina participaram da audi\u00eancia.<\/p>\n<p>Ainda durante a viagem, Lula Brand\u00e3o participou de audi\u00eancia com o diretor executivo do fundo nacional de Sa\u00fade, Ant\u00f4nio Carlos Rosa, no anexo do Minist\u00e9rio da Sa\u00fade de Bras\u00edlia, e conheceu as tramita\u00e7\u00f5es de processos da \u00e1rea de sa\u00fade e de oportunidades para conseguir emendas e inserir Ibicara\u00ed nos programas da \u00e1rea.<\/p>\n<p>O prefeito Lula Brand\u00e3o encerrou a sua agenda reunindo-se com o presidente do Fundo Nacional do Desenvolvimento da Educa\u00e7\u00e3o &#8211; FNDE, Silvio Pinheiro, e com o assessor de Rela\u00e7\u00f5es Institucionais, Maur\u00edcio Carvalho, para acompanhar os conv\u00eanios que foram feitos com o Munic\u00edpio e obras que foram entregues como finalizadas, mas est\u00e3o com pend\u00eancias estruturais, como a Creche Modelo, que recebeu recentemente uma vistoria do engenheiro da FNDE e foi verificado que o equipamento est\u00e1 sem as m\u00ednimas condi\u00e7\u00f5es de funcionamento.<\/p>\n<p>&nbsp;<\/p>\n","protected":false},"excerpt":{"rendered":"<p>&nbsp; Na \u00faltima semana, o prefeito de Ibicara\u00ed, Lula Brand\u00e3o, viajou \u00e0 Bras\u00edlia em busca de apoio e parcerias para realizar investimentos que melhorem a infraestrutura do munic\u00edpio e a qualidade de vida da popula\u00e7\u00e3o. Durante a viagem, no \u00faltimo dia 26, o prefeito cumpriu uma extensa agenda com reuni\u00f5es e audi\u00eancias com representantes de [&hellip;]<\/p>\n","protected":false},"author":2,"featured_media":0,"comment_status":"open","ping_status":"open","sticky":false,"template":"","format":"standard","meta":{"_links_to":"","_links_to_target":""},"categories":[1],"tags":[],"_links":{"self":[{"href":"https:\/\/www.ilheusnoticias.net.br\/v1\/wp-json\/wp\/v2\/posts\/4087"}],"collection":[{"href":"https:\/\/www.ilheusnoticias.net.br\/v1\/wp-json\/wp\/v2\/posts"}],"about":[{"href":"https:\/\/www.ilheusnoticias.net.br\/v1\/wp-json\/wp\/v2\/types\/post"}],"author":[{"embeddable":true,"href":"https:\/\/www.ilheusnoticias.net.br\/v1\/wp-json\/wp\/v2\/users\/2"}],"replies":[{"embeddable":true,"href":"https:\/\/www.ilheusnoticias.net.br\/v1\/wp-json\/wp\/v2\/comments?post=4087"}],"version-history":[{"count":1,"href":"https:\/\/www.ilheusnoticias.net.br\/v1\/wp-json\/wp\/v2\/posts\/4087\/revisions"}],"predecessor-version":[{"id":4089,"href":"https:\/\/www.ilheusnoticias.net.br\/v1\/wp-json\/wp\/v2\/posts\/4087\/revisions\/4089"}],"wp:attachment":[{"href":"https:\/\/www.ilheusnoticias.net.br\/v1\/wp-json\/wp\/v2\/media?parent=4087"}],"wp:term":[{"taxonomy":"category","embeddable":true,"href":"https:\/\/www.ilheusnoticias.net.br\/v1\/wp-json\/wp\/v2\/categories?post=4087"},{"taxonomy":"post_tag","embeddable":true,"href":"https:\/\/www.ilheusnoticias.net.br\/v1\/wp-json\/wp\/v2\/tags?post=4087"}],"curies":[{"name":"wp","href":"https:\/\/api.w.org\/{rel}","templated":true}]}}