{"id":4057,"date":"2017-02-02T13:10:54","date_gmt":"2017-02-02T16:10:54","guid":{"rendered":"http:\/\/www.ilheusnoticias.net.br\/v1\/?p=4057"},"modified":"2017-02-02T13:10:54","modified_gmt":"2017-02-02T16:10:54","slug":"ibicarai-e-o-primeiro-municipio-da-regiao-a-iniciar-cadastro-para-regularizacao-fundiaria-em-parceria-com-o-cds-ls","status":"publish","type":"post","link":"https:\/\/www.ilheusnoticias.net.br\/v1\/2017\/02\/02\/ibicarai-e-o-primeiro-municipio-da-regiao-a-iniciar-cadastro-para-regularizacao-fundiaria-em-parceria-com-o-cds-ls\/","title":{"rendered":"Ibicara\u00ed \u00e9 o primeiro munic\u00edpio da regi\u00e3o a iniciar cadastro para regulariza\u00e7\u00e3o fundi\u00e1ria em parceria com o CDS-LS"},"content":{"rendered":"<p>&nbsp;<\/p>\n<p><img loading=\"lazy\" class=\"aligncenter\" src=\"https:\/\/attachment.outlook.office.net\/owa\/laudiceacarvalho62@hotmail.com\/service.svc\/s\/GetAttachmentThumbnail?id=AQMkADAwATYwMAItY2MANTgtODQxNC0wMAItMDAKAEYAAANqOYr2uMN4Qoz6pFp%2FhFoeBwAsxvM0hWqyT6EfSeQ8%2BPgA8AAAAgEMAAAALMbzNIVqsk%2BhH0nkPPj4APAAAABxTBYAAAEBEgAQANUpF%2BH0KWNNv0dOSJNZTtw%3D&amp;thumbnailType=2&amp;X-OWA-CANARY=vOczAWoQH0i8xlMlMy4ZI-BOD9uFS9QYRwf8LyEuPiNwLa0fCNVotTAjWxv9dE1HzjxUxnv78tM.&amp;token=d1de0654-7d66-43c8-8ce8-2be6f80e5d91&amp;owa=outlook.live.com&amp;isc=1\" alt=\"\" width=\"593\" height=\"445\" \/><\/p>\n<p>&nbsp;<\/p>\n<p>A prefeitura de Ibicara\u00ed, atrav\u00e9s da secretaria de Agricultura, e em parceria com o Cons\u00f3rcio de Desenvolvimento Sustent\u00e1vel Litoral Sul (CDS-LS), iniciou na manh\u00e3 da \u00faltima quarta-feira, dia 01, o cadastramento para a regulariza\u00e7\u00e3o fundi\u00e1ria de pequenos donos de propriedades rurais. Ibicara\u00ed faz parte do grupo de cidades, da regi\u00e3o cacaueira, que foi contemplado com a regulariza\u00e7\u00e3o fundi\u00e1ria. Segundo os t\u00e9cnicos do CDS-LS, do grupo, Ibicara\u00ed est\u00e1 sendo a primeira a receber os t\u00edtulos.<\/p>\n<p>&nbsp;<\/p>\n<p><!--more--><\/p>\n<p>O cadastro aconteceu na fazenda Santa Luzia, na regi\u00e3o da Rua Enxuta, e contou com a presen\u00e7a da secret\u00e1ria de Agricultura, Telma Ferreira, o diretor de Agricultura e Pecu\u00e1ria, Jess\u00e9 Matos, o diretor de Planejamento e Licenciamento Ambiental, Cochise Assis, e dez t\u00e9cnicos do CDS-LS, que formaram dois grupos para coleta de informa\u00e7\u00e3o, sele\u00e7\u00e3o de toda a documenta\u00e7\u00e3o necess\u00e1ria e cadastro online.<\/p>\n<p>Segundo a secret\u00e1ria, Telma Ferreira, em reuni\u00e3o inicial realizada na semana anterior com a equipe, ficou decidido que come\u00e7ariam o processo de regulariza\u00e7\u00e3o pela Rua Enxuta. &#8220;Decidimos iniciar pela Rua Enxuta e, para nossa surpresa, apareceram muitos pequenos donos de terra. Na pr\u00f3xima quinta-feira, dia 9, os t\u00e9cnicos do cons\u00f3rcio estar\u00e3o novamente em Ibicara\u00ed e passar\u00e3o o dia fazendo o cadastro no distrito da Vila Santa Izabel (41)\u201d, afirmou a secret\u00e1ria.<\/p>\n<p>De acordo com a secret\u00e1ria, a a\u00e7\u00e3o vai acontecer em todas as regi\u00f5es do nosso munic\u00edpio. \u201cA regulariza\u00e7\u00e3o fundi\u00e1ria, o licenciamento ambiental, a quest\u00e3o h\u00eddrica e a recupera\u00e7\u00e3o das nossas estradas vicinais s\u00e3o compromissos que o prefeito Lula Brand\u00e3o far\u00e1 de tudo para cumprir. Nesse governo, o homem do campo tamb\u00e9m \u00e9 prioridade&#8221;, completou Telma.<\/p>\n","protected":false},"excerpt":{"rendered":"<p>&nbsp; &nbsp; A prefeitura de Ibicara\u00ed, atrav\u00e9s da secretaria de Agricultura, e em parceria com o Cons\u00f3rcio de Desenvolvimento Sustent\u00e1vel Litoral Sul (CDS-LS), iniciou na manh\u00e3 da \u00faltima quarta-feira, dia 01, o cadastramento para a regulariza\u00e7\u00e3o fundi\u00e1ria de pequenos donos de propriedades rurais. Ibicara\u00ed faz parte do grupo de cidades, da regi\u00e3o cacaueira, que foi [&hellip;]<\/p>\n","protected":false},"author":2,"featured_media":0,"comment_status":"open","ping_status":"open","sticky":false,"template":"","format":"standard","meta":{"_links_to":"","_links_to_target":""},"categories":[1],"tags":[],"_links":{"self":[{"href":"https:\/\/www.ilheusnoticias.net.br\/v1\/wp-json\/wp\/v2\/posts\/4057"}],"collection":[{"href":"https:\/\/www.ilheusnoticias.net.br\/v1\/wp-json\/wp\/v2\/posts"}],"about":[{"href":"https:\/\/www.ilheusnoticias.net.br\/v1\/wp-json\/wp\/v2\/types\/post"}],"author":[{"embeddable":true,"href":"https:\/\/www.ilheusnoticias.net.br\/v1\/wp-json\/wp\/v2\/users\/2"}],"replies":[{"embeddable":true,"href":"https:\/\/www.ilheusnoticias.net.br\/v1\/wp-json\/wp\/v2\/comments?post=4057"}],"version-history":[{"count":1,"href":"https:\/\/www.ilheusnoticias.net.br\/v1\/wp-json\/wp\/v2\/posts\/4057\/revisions"}],"predecessor-version":[{"id":4058,"href":"https:\/\/www.ilheusnoticias.net.br\/v1\/wp-json\/wp\/v2\/posts\/4057\/revisions\/4058"}],"wp:attachment":[{"href":"https:\/\/www.ilheusnoticias.net.br\/v1\/wp-json\/wp\/v2\/media?parent=4057"}],"wp:term":[{"taxonomy":"category","embeddable":true,"href":"https:\/\/www.ilheusnoticias.net.br\/v1\/wp-json\/wp\/v2\/categories?post=4057"},{"taxonomy":"post_tag","embeddable":true,"href":"https:\/\/www.ilheusnoticias.net.br\/v1\/wp-json\/wp\/v2\/tags?post=4057"}],"curies":[{"name":"wp","href":"https:\/\/api.w.org\/{rel}","templated":true}]}}