{"id":4049,"date":"2017-02-02T13:00:21","date_gmt":"2017-02-02T16:00:21","guid":{"rendered":"http:\/\/www.ilheusnoticias.net.br\/v1\/?p=4049"},"modified":"2017-02-02T13:00:21","modified_gmt":"2017-02-02T16:00:21","slug":"governo-lanca-pregao-de-r-90-milhoes-para-recuperacao-de-escolas-e-anuncia-concurso-para-professores","status":"publish","type":"post","link":"https:\/\/www.ilheusnoticias.net.br\/v1\/2017\/02\/02\/governo-lanca-pregao-de-r-90-milhoes-para-recuperacao-de-escolas-e-anuncia-concurso-para-professores\/","title":{"rendered":"Governo lan\u00e7a preg\u00e3o de R$ 90 milh\u00f5es para recupera\u00e7\u00e3o de escolas e anuncia concurso para professores"},"content":{"rendered":"<div><\/div>\n<div>O governo baiano est\u00e1 lan\u00e7ando preg\u00e3o eletr\u00f4nico no valor de R$ 90 milh\u00f5es, na \u00e1rea de engenharia e servi\u00e7os, para a recupera\u00e7\u00e3o e manuten\u00e7\u00e3o de pr\u00e9dios escolares. Al\u00e9m disso, tamb\u00e9m ser\u00e3o realizados concursos p\u00fablicos para professores da educa\u00e7\u00e3o b\u00e1sica e da educa\u00e7\u00e3o profissional. O objetivo \u00e9 refor\u00e7ar as condi\u00e7\u00f5es pedag\u00f3gicas e materiais da rede escolar, de modo que, at\u00e9 o final deste ano, todas as escolas da rede tenham coordenadores pedag\u00f3gicos. A informa\u00e7\u00e3o foi dada pelo governador Rui Costa, durante a abertura dos trabalhos legislativos da Assembleia Legislativa, hoje (2) pela manh\u00e3.<\/div>\n<div><\/div>\n<div><\/div>\n<p><!--more--><\/p>\n<div><\/div>\n<div>Rui destacou, durante a mensagem, o lan\u00e7amento do Programa Mais Futuro, direcionado aos jovens cadastrados nos programas sociais do governo federal por meio do Cad\u00danico, cuja renda familiar \u00e9 baixa, e que est\u00e3o nas universidades estaduais da Bahia. \u201cN\u00f3s identificamos que havia uma evas\u00e3o grande desses alunos simplesmente pela dificuldade de assegurar a sua manuten\u00e7\u00e3o material\u201d, disse Rui. A bolsa tem valor de R$ 300 para aluno que mora at\u00e9 100 Km de dist\u00e2ncia da institui\u00e7\u00e3o de ensino, e de R$ 600 para aquele que mora a mais de 100 km da unidade de ensino.<\/div>\n<div><\/div>\n","protected":false},"excerpt":{"rendered":"<p>O governo baiano est\u00e1 lan\u00e7ando preg\u00e3o eletr\u00f4nico no valor de R$ 90 milh\u00f5es, na \u00e1rea de engenharia e servi\u00e7os, para a recupera\u00e7\u00e3o e manuten\u00e7\u00e3o de pr\u00e9dios escolares. Al\u00e9m disso, tamb\u00e9m ser\u00e3o realizados concursos p\u00fablicos para professores da educa\u00e7\u00e3o b\u00e1sica e da educa\u00e7\u00e3o profissional. O objetivo \u00e9 refor\u00e7ar as condi\u00e7\u00f5es pedag\u00f3gicas e materiais da rede escolar, [&hellip;]<\/p>\n","protected":false},"author":2,"featured_media":0,"comment_status":"open","ping_status":"open","sticky":false,"template":"","format":"standard","meta":{"_links_to":"","_links_to_target":""},"categories":[1],"tags":[],"_links":{"self":[{"href":"https:\/\/www.ilheusnoticias.net.br\/v1\/wp-json\/wp\/v2\/posts\/4049"}],"collection":[{"href":"https:\/\/www.ilheusnoticias.net.br\/v1\/wp-json\/wp\/v2\/posts"}],"about":[{"href":"https:\/\/www.ilheusnoticias.net.br\/v1\/wp-json\/wp\/v2\/types\/post"}],"author":[{"embeddable":true,"href":"https:\/\/www.ilheusnoticias.net.br\/v1\/wp-json\/wp\/v2\/users\/2"}],"replies":[{"embeddable":true,"href":"https:\/\/www.ilheusnoticias.net.br\/v1\/wp-json\/wp\/v2\/comments?post=4049"}],"version-history":[{"count":1,"href":"https:\/\/www.ilheusnoticias.net.br\/v1\/wp-json\/wp\/v2\/posts\/4049\/revisions"}],"predecessor-version":[{"id":4050,"href":"https:\/\/www.ilheusnoticias.net.br\/v1\/wp-json\/wp\/v2\/posts\/4049\/revisions\/4050"}],"wp:attachment":[{"href":"https:\/\/www.ilheusnoticias.net.br\/v1\/wp-json\/wp\/v2\/media?parent=4049"}],"wp:term":[{"taxonomy":"category","embeddable":true,"href":"https:\/\/www.ilheusnoticias.net.br\/v1\/wp-json\/wp\/v2\/categories?post=4049"},{"taxonomy":"post_tag","embeddable":true,"href":"https:\/\/www.ilheusnoticias.net.br\/v1\/wp-json\/wp\/v2\/tags?post=4049"}],"curies":[{"name":"wp","href":"https:\/\/api.w.org\/{rel}","templated":true}]}}