{"id":4047,"date":"2017-02-02T11:29:02","date_gmt":"2017-02-02T14:29:02","guid":{"rendered":"http:\/\/www.ilheusnoticias.net.br\/v1\/?p=4047"},"modified":"2017-02-02T11:29:02","modified_gmt":"2017-02-02T14:29:02","slug":"nos-arrancaremos-com-mais-velocidade-do-que-outros-estados-diz-rui-durante-a-abertura-dos-trabalhos-da-alba","status":"publish","type":"post","link":"https:\/\/www.ilheusnoticias.net.br\/v1\/2017\/02\/02\/nos-arrancaremos-com-mais-velocidade-do-que-outros-estados-diz-rui-durante-a-abertura-dos-trabalhos-da-alba\/","title":{"rendered":"\u201cN\u00f3s arrancaremos com mais velocidade do que outros estados\u201d, diz Rui durante a abertura dos trabalhos da Alba"},"content":{"rendered":"<div>\u201cA Bahia com certeza \u00e9 um estado que vai se destacar no crescimento porque est\u00e1 se preparando para isso, organizado suas finan\u00e7as, seus projetos. N\u00f3s arrancaremos com mais velocidade do que outros estados, n\u00e3o tenho a menor d\u00favida disso\u201d, afirmou o governador Rui Costa ao chegar \u00e0 Assembleia Legislativa da Bahia (Alba), nesta quinta-feira (2), para a abertura da terceira Sess\u00e3o Legislativa da 18\u00aa Legislatura da casa.<\/div>\n<div><\/div>\n<div><\/div>\n<p><!--more--><\/p>\n<div><\/div>\n<div>Rui tamb\u00e9m destacou os projetos priorit\u00e1rios que ser\u00e3o enviados \u00e0 Alba. \u201cVamos buscar projetos que consolidem a organiza\u00e7\u00e3o administrativa e financeira do Estado, a exemplo do Fundo Penitenci\u00e1rio. Tamb\u00e9m vamos enviar projetos de enquadramento da remunera\u00e7\u00e3o dos servidores \u00e0 lei, como a quest\u00e3o do piso nacional de professores. Outro projeto ser\u00e1 para estruturar e fortalecer a capta\u00e7\u00e3o de recursos privados para investimentos de infraestrutura, como a implanta\u00e7\u00e3o do VLT e a constru\u00e7\u00e3o do Centro de Conven\u00e7\u00f5es, que vamos iniciar este ano. Para tudo isso n\u00f3s vamos contar com a Assembleia para aprovar os aspectos legais necess\u00e1rios\u201d.<\/div>\n<div><\/div>\n<div>O governador ressaltou ainda a import\u00e2ncia da parceria entre Executivo e Legislativo. \u201cO desafio \u00e9 continuar a parceria, apesar da independ\u00eancia dos Poderes, para o bem da Bahia. Cada baiano ou baiana sente um orgulho enorme, apesar da crise, das dificuldades, do desemprego. Os baianos sentem orgulho porque a Bahia \u00e9 um estado que vem enfrentando a crise de cabe\u00e7a erguida, de p\u00e9, mantendo as contas em dia e os investimentos, na expectativa de que o Brasil volte a crescer\u201d.<\/div>\n","protected":false},"excerpt":{"rendered":"<p>\u201cA Bahia com certeza \u00e9 um estado que vai se destacar no crescimento porque est\u00e1 se preparando para isso, organizado suas finan\u00e7as, seus projetos. N\u00f3s arrancaremos com mais velocidade do que outros estados, n\u00e3o tenho a menor d\u00favida disso\u201d, afirmou o governador Rui Costa ao chegar \u00e0 Assembleia Legislativa da Bahia (Alba), nesta quinta-feira (2), [&hellip;]<\/p>\n","protected":false},"author":2,"featured_media":0,"comment_status":"open","ping_status":"open","sticky":false,"template":"","format":"standard","meta":{"_links_to":"","_links_to_target":""},"categories":[1],"tags":[],"_links":{"self":[{"href":"https:\/\/www.ilheusnoticias.net.br\/v1\/wp-json\/wp\/v2\/posts\/4047"}],"collection":[{"href":"https:\/\/www.ilheusnoticias.net.br\/v1\/wp-json\/wp\/v2\/posts"}],"about":[{"href":"https:\/\/www.ilheusnoticias.net.br\/v1\/wp-json\/wp\/v2\/types\/post"}],"author":[{"embeddable":true,"href":"https:\/\/www.ilheusnoticias.net.br\/v1\/wp-json\/wp\/v2\/users\/2"}],"replies":[{"embeddable":true,"href":"https:\/\/www.ilheusnoticias.net.br\/v1\/wp-json\/wp\/v2\/comments?post=4047"}],"version-history":[{"count":1,"href":"https:\/\/www.ilheusnoticias.net.br\/v1\/wp-json\/wp\/v2\/posts\/4047\/revisions"}],"predecessor-version":[{"id":4048,"href":"https:\/\/www.ilheusnoticias.net.br\/v1\/wp-json\/wp\/v2\/posts\/4047\/revisions\/4048"}],"wp:attachment":[{"href":"https:\/\/www.ilheusnoticias.net.br\/v1\/wp-json\/wp\/v2\/media?parent=4047"}],"wp:term":[{"taxonomy":"category","embeddable":true,"href":"https:\/\/www.ilheusnoticias.net.br\/v1\/wp-json\/wp\/v2\/categories?post=4047"},{"taxonomy":"post_tag","embeddable":true,"href":"https:\/\/www.ilheusnoticias.net.br\/v1\/wp-json\/wp\/v2\/tags?post=4047"}],"curies":[{"name":"wp","href":"https:\/\/api.w.org\/{rel}","templated":true}]}}