{"id":4040,"date":"2017-02-02T10:33:14","date_gmt":"2017-02-02T13:33:14","guid":{"rendered":"http:\/\/www.ilheusnoticias.net.br\/v1\/?p=4040"},"modified":"2017-02-02T10:33:14","modified_gmt":"2017-02-02T13:33:14","slug":"governo-inicia-matricula-de-11-mil-estudantes-para-educacao-profissional","status":"publish","type":"post","link":"https:\/\/www.ilheusnoticias.net.br\/v1\/2017\/02\/02\/governo-inicia-matricula-de-11-mil-estudantes-para-educacao-profissional\/","title":{"rendered":"Governo inicia matr\u00edcula de 11 mil estudantes para Educa\u00e7\u00e3o Profissional"},"content":{"rendered":"<div><\/div>\n<div><\/div>\n<div>Uma nova etapa de vida come\u00e7a para 11.748 mil estudantes de toda a Bahia. Eles foram classificados no Sorteio Eletr\u00f4nico da Educa\u00e7\u00e3o Profissional para 33 cursos t\u00e9cnicos de n\u00edvel m\u00e9dio oferecidos em Salvador, regi\u00e3o metropolitana e 57 munic\u00edpios baianos, nos 27 Territ\u00f3rios de Identidade do estado. A matr\u00edcula para os candidatos contemplados come\u00e7ou nesta quarta (1\u00ba) e segue at\u00e9 sexta-feira (3), nos Centros Estaduais e Territoriais de Educa\u00e7\u00e3o Profissional e seus anexos.<\/div>\n<div><\/div>\n<div><\/div>\n<div><\/div>\n<div><\/div>\n<p><!--more--><\/p>\n<div><\/div>\n<div>De acordo com o secret\u00e1rio da Educa\u00e7\u00e3o do Estado, Walter Pinheiro, com os novos matriculados, a expectativa \u00e9 que o n\u00famero de estudantes inscritos na Educa\u00e7\u00e3o Profissional no estado chegue a mais de 70 mil. \u201cEstamos fazendo um esfor\u00e7o para aumentar a capacidade das escolas em ofertar condi\u00e7\u00f5es para o encontro vocacional, ou seja, a perman\u00eancia desses alunos nessas \u00e1reas. Outro objetivo \u00e9 que eles possam concluir essa forma\u00e7\u00e3o num tempo mais reduzido e dar outros passos\u201d, afirma Pinheiro.<\/div>\n<div><\/div>\n<div>A diretora do Centro Estadual de Educa\u00e7\u00e3o da Bahia, Salom\u00e9 Brito, destaca que os cursos oferecidos abrangem diferentes \u00e1reas do conhecimento. \u201cOferecemos cursos t\u00e9cnicos em alimentos, nutri\u00e7\u00e3o diet\u00e9tica, cozinha, guia de turismo e panifica\u00e7\u00e3o. Aqueles que foram selecionados pelo sorteio precisam se dirigir aos centros de educa\u00e7\u00e3o profissional para os quais se registraram com c\u00f3pias e originais do CPF, hist\u00f3rico escolar, carteira de identidade e comprovante de resid\u00eancia\u201d.<\/div>\n<div><\/div>\n<div><b>Expectativa<\/b><\/div>\n<div><\/div>\n<div>A faixa et\u00e1ria dos alunos varia, mas o desejo para o futuro \u00e9 o mesmo: uma vida melhor. Adna Damasceno, 26 anos, espera aproveitar os conhecimentos adquiridos para abrir o pr\u00f3prio restaurante. \u201cEsse ser\u00e1 o segundo curso t\u00e9cnico que farei aqui em Salvador. O primeiro foi voltado para cozinha e agora irei iniciar um curso de nutri\u00e7\u00e3o. Espero juntar as informa\u00e7\u00f5es adquiridas para montar meu pr\u00f3prio restaurante. Vou me preparar muito para esse momento. Com esfor\u00e7o, eu vou vencer\u201d.<\/div>\n<div><\/div>\n<div>J\u00e1 a comerciante Rosivania Silva, 40, foi classificada para o curso de t\u00e9cnico em panifica\u00e7\u00e3o. \u201cEu vendo cachorro-quente e tenho dificuldades de encontrar p\u00e3o no bairro onde moro. Com esse curso de panifica\u00e7\u00e3o, eu quero come\u00e7ar a fazer o meu pr\u00f3prio material e melhorar a qualidade final do produto que vendo. Um produto de melhor qualidade vai aumentar meu n\u00famero de clientes e melhorar bastante a minha renda\u201d.<\/div>\n<div><\/div>\n<div><b>Modalidades<\/b><\/div>\n<div><\/div>\n<div>Das vagas ofertadas, 9.288 s\u00e3o para o interior do estado e 2.460 mil para a Regi\u00e3o Metropolitana de Salvador (RMS), divididas nas modalidades de Educa\u00e7\u00e3o de Jovens e Adultos (Proeja) e M\u00e9dio Subsequente (Prosub). A primeira \u00e9 direcionada para jovens e trabalhadores que t\u00eam 18 anos ou mais e j\u00e1 conclu\u00edram o ensino fundamental. A segunda, para aqueles que j\u00e1 conclu\u00edram o ensino m\u00e9dio e desejam fazer um curso t\u00e9cnico. O in\u00edcio das aulas est\u00e1 previsto para a pr\u00f3xima segunda (6).<\/div>\n<div><\/div>\n<div><i>Fotos: Mateus Pereira\/GOVBA<\/i><\/div>\n","protected":false},"excerpt":{"rendered":"<p>Uma nova etapa de vida come\u00e7a para 11.748 mil estudantes de toda a Bahia. Eles foram classificados no Sorteio Eletr\u00f4nico da Educa\u00e7\u00e3o Profissional para 33 cursos t\u00e9cnicos de n\u00edvel m\u00e9dio oferecidos em Salvador, regi\u00e3o metropolitana e 57 munic\u00edpios baianos, nos 27 Territ\u00f3rios de Identidade do estado. A matr\u00edcula para os candidatos contemplados come\u00e7ou nesta quarta [&hellip;]<\/p>\n","protected":false},"author":2,"featured_media":0,"comment_status":"open","ping_status":"open","sticky":false,"template":"","format":"standard","meta":{"_links_to":"","_links_to_target":""},"categories":[7],"tags":[410],"_links":{"self":[{"href":"https:\/\/www.ilheusnoticias.net.br\/v1\/wp-json\/wp\/v2\/posts\/4040"}],"collection":[{"href":"https:\/\/www.ilheusnoticias.net.br\/v1\/wp-json\/wp\/v2\/posts"}],"about":[{"href":"https:\/\/www.ilheusnoticias.net.br\/v1\/wp-json\/wp\/v2\/types\/post"}],"author":[{"embeddable":true,"href":"https:\/\/www.ilheusnoticias.net.br\/v1\/wp-json\/wp\/v2\/users\/2"}],"replies":[{"embeddable":true,"href":"https:\/\/www.ilheusnoticias.net.br\/v1\/wp-json\/wp\/v2\/comments?post=4040"}],"version-history":[{"count":1,"href":"https:\/\/www.ilheusnoticias.net.br\/v1\/wp-json\/wp\/v2\/posts\/4040\/revisions"}],"predecessor-version":[{"id":4041,"href":"https:\/\/www.ilheusnoticias.net.br\/v1\/wp-json\/wp\/v2\/posts\/4040\/revisions\/4041"}],"wp:attachment":[{"href":"https:\/\/www.ilheusnoticias.net.br\/v1\/wp-json\/wp\/v2\/media?parent=4040"}],"wp:term":[{"taxonomy":"category","embeddable":true,"href":"https:\/\/www.ilheusnoticias.net.br\/v1\/wp-json\/wp\/v2\/categories?post=4040"},{"taxonomy":"post_tag","embeddable":true,"href":"https:\/\/www.ilheusnoticias.net.br\/v1\/wp-json\/wp\/v2\/tags?post=4040"}],"curies":[{"name":"wp","href":"https:\/\/api.w.org\/{rel}","templated":true}]}}