{"id":4006,"date":"2017-02-01T07:43:14","date_gmt":"2017-02-01T10:43:14","guid":{"rendered":"http:\/\/www.ilheusnoticias.net.br\/v1\/?p=4006"},"modified":"2017-02-01T07:43:14","modified_gmt":"2017-02-01T10:43:14","slug":"rui-costa-se-posiciona-sobre-eleicoes-na-assembleia-legislativa","status":"publish","type":"post","link":"https:\/\/www.ilheusnoticias.net.br\/v1\/2017\/02\/01\/rui-costa-se-posiciona-sobre-eleicoes-na-assembleia-legislativa\/","title":{"rendered":"Rui Costa se posiciona sobre elei\u00e7\u00f5es na Assembleia Legislativa"},"content":{"rendered":"<p>O governador Rui Costa se posicionou na noite de ontem (31), na sua p\u00e1gina no Facebook, sobre as elei\u00e7\u00f5es na Assembleia Legislativa da Bahia. &#8220;Liguei h\u00e1 pouco para o deputado Angelo Coronel. Al\u00e9m de parabeniz\u00e1-lo pela elei\u00e7\u00e3o, que deve ser consumada nesta quarta, aproveitei para desejar tranquilidade e sabedoria para manter a base aliada unida ao assumir a presid\u00eancia da Assembleia Legislativa. Eram tr\u00eas pr\u00e9-candidatos, todos da base aliada&#8221;.<\/p>\n<p>Rui disse ainda que &#8220;aproveito esta oportunidade para parabenizar o deputado Marcelo Nilo pelo posicionamento firme e corajoso de renunciar em nome da unidade pol\u00edtica. A gest\u00e3o eficiente do atual presidente merece nosso reconhecimento. A harmonia entre os poderes constitu\u00eddos e o respeito \u00e0 independ\u00eancia do legislativo continuar\u00e3o prevalecendo.&#8221;<\/p>\n","protected":false},"excerpt":{"rendered":"<p>O governador Rui Costa se posicionou na noite de ontem (31), na sua p\u00e1gina no Facebook, sobre as elei\u00e7\u00f5es na Assembleia Legislativa da Bahia. &#8220;Liguei h\u00e1 pouco para o deputado Angelo Coronel. Al\u00e9m de parabeniz\u00e1-lo pela elei\u00e7\u00e3o, que deve ser consumada nesta quarta, aproveitei para desejar tranquilidade e sabedoria para manter a base aliada unida [&hellip;]<\/p>\n","protected":false},"author":2,"featured_media":0,"comment_status":"open","ping_status":"open","sticky":false,"template":"","format":"standard","meta":{"_links_to":"","_links_to_target":""},"categories":[1],"tags":[],"_links":{"self":[{"href":"https:\/\/www.ilheusnoticias.net.br\/v1\/wp-json\/wp\/v2\/posts\/4006"}],"collection":[{"href":"https:\/\/www.ilheusnoticias.net.br\/v1\/wp-json\/wp\/v2\/posts"}],"about":[{"href":"https:\/\/www.ilheusnoticias.net.br\/v1\/wp-json\/wp\/v2\/types\/post"}],"author":[{"embeddable":true,"href":"https:\/\/www.ilheusnoticias.net.br\/v1\/wp-json\/wp\/v2\/users\/2"}],"replies":[{"embeddable":true,"href":"https:\/\/www.ilheusnoticias.net.br\/v1\/wp-json\/wp\/v2\/comments?post=4006"}],"version-history":[{"count":1,"href":"https:\/\/www.ilheusnoticias.net.br\/v1\/wp-json\/wp\/v2\/posts\/4006\/revisions"}],"predecessor-version":[{"id":4007,"href":"https:\/\/www.ilheusnoticias.net.br\/v1\/wp-json\/wp\/v2\/posts\/4006\/revisions\/4007"}],"wp:attachment":[{"href":"https:\/\/www.ilheusnoticias.net.br\/v1\/wp-json\/wp\/v2\/media?parent=4006"}],"wp:term":[{"taxonomy":"category","embeddable":true,"href":"https:\/\/www.ilheusnoticias.net.br\/v1\/wp-json\/wp\/v2\/categories?post=4006"},{"taxonomy":"post_tag","embeddable":true,"href":"https:\/\/www.ilheusnoticias.net.br\/v1\/wp-json\/wp\/v2\/tags?post=4006"}],"curies":[{"name":"wp","href":"https:\/\/api.w.org\/{rel}","templated":true}]}}